{"id":2764,"date":"2010-08-18T12:59:39","date_gmt":"2010-08-18T11:59:39","guid":{"rendered":"http:\/\/heijbel.wordpress.com\/2010\/08\/18\/varderingar-och-kanslor"},"modified":"2010-08-18T12:59:39","modified_gmt":"2010-08-18T11:59:39","slug":"varderingar-och-kanslor","status":"publish","type":"post","link":"https:\/\/storytellers.se\/?p=2764","title":{"rendered":"V\u00e4rderingar och k\u00e4nslor"},"content":{"rendered":"<p>Under mina seminarier ing\u00e5r som regel en sk\u00f6rdefest d\u00e4r deltagarna ber\u00e4ttar om h\u00e4ndelser kopplade till f\u00f6retaget, organisationen, varum\u00e4rket som ber\u00f6rt dem. Det blir ofta r\u00e4tt emotionellt och det \u00e4r inte ovanligt att r\u00f6rda t\u00e5rar tr\u00e4nger fram i \u00f6gonen p\u00e5 deltagarna. N\u00e4r man anv\u00e4nder sig av storytellingmetoden s\u00e5 g\u00e4ller det ju att&#8230;<\/p>\n<p><!--more--><br \/>\n&#8230;befolka varum\u00e4rket med ber\u00e4ttelser om m\u00e4nskliga m\u00f6ten och h\u00e4ndelser. Det inneb\u00e4r att man adderar emotionella v\u00e4rden till den faktuella kommunikationen. Det \u00e4r s\u00e5 att s\u00e4ga sj\u00e4lva po\u00e4ngen med det hela.<br \/>\nJag anser att vi i Sverige \u00e4r d\u00e5liga p\u00e5 att kommunicera emotionellt i f\u00f6retag och organisationer. D\u00e4remot \u00e4r bra p\u00e5 att hantera fakta, nyckeltal, diagram och tabeller med korrekta siffror. D\u00e4r \u00e4r vi i v\u00e4rldsklass och lagstiftningen backar f\u00f6rst\u00e5s upp det hela genom kraven p\u00e5 redovisning och \u00e5rsber\u00e4ttelser. Vi klamrar oss \u00e4ngsligt fast vid v\u00e5ra power point- presentationer.<br \/>\nInget ont i att ha ordning p\u00e5 fakta, det ska man ha. Men som Corporate Storyteller \u00e4r det min uppgift s\u00f6ka upp, sk\u00f6rda och addera det emotionella kapitalet till organisationen och varum\u00e4rket. Ett starkt varum\u00e4rke rymmer b\u00e5de fakta och k\u00e4nslor och k\u00e4nslorna b\u00e4rs av ber\u00e4ttelser. Storytelling \u00e4r d\u00e4rf\u00f6r en framg\u00e5ngsfaktor som m\u00e5nga \u00e4nnu inte har sett.<br \/>\nDet \u00e4r i dessa sammahang som uttrycket: <em>B\u00e4sta storyn vinner<\/em> blir s\u00e4rskilt relevant. Det g\u00e4ller f\u00f6rst\u00e5s alldeles s\u00e4rskilt n\u00e4r produkterna eller tj\u00e4nsterna \u00e4r snarlika eller kanske till och med identiska. Ber\u00e4ttelserna bygger relationer med kunder och brukare och de kan i b\u00e4sta fall b\u00e4ras och spridas av dessa.<br \/>\nMen d\u00e5 m\u00e5ste man leverera. N\u00e4r man har klart f\u00f6r sig att ber\u00e4ttarkapitalet faktiskt finns s\u00e5 f\u00e5r man hitta metoder f\u00f6r att sk\u00f6rda det och s\u00e4tta det i arbete. De som anv\u00e4nder produkterna och tj\u00e4nsterna \u00e4r f\u00f6rst\u00e5s mycket mottagliga f\u00f6r emotionella ber\u00e4ttelser som visar att de gjort kloka val. D\u00e5 kan de addera ber\u00e4ttelsen om f\u00f6retaget eller organisationen till den egna livsber\u00e4ttelsen.<br \/>\nD\u00e4rf\u00f6r \u00e4r det sj\u00e4lvklart att organisationer som vill ha framg\u00e5ng inte bara ska p\u00e5st\u00e5 och etikettera sig med v\u00e4rdeord. De ska sk\u00f6rda ber\u00e4ttelser som visar att p\u00e5st\u00e5enden som, exempelvis, att man \u00e4r <em>professionell, \u00f6ppen<\/em> och <em>lyh\u00f6rd<\/em> \u00e4r sanna.<br \/>\nI och med den sociala webben kan man sprida &#8211; och h\u00e4mta &#8211; ber\u00e4ttelser som kan bygga den repertoar som skapar ett vinnande varum\u00e4rke. En bra storyteller \u00e4r f\u00f6rst\u00e5s i lika h\u00f6g grad storylistener och f\u00f6ljer, lyssnar av och deltar i snacket d\u00e4r det finns, dvs i stor utstr\u00e4ckning ocks\u00e5 i den sociala webben.<br \/>\n.<\/p>\n","protected":false},"excerpt":{"rendered":"<p>Under mina seminarier ing\u00e5r som regel en sk\u00f6rdefest d\u00e4r deltagarna ber\u00e4ttar om h\u00e4ndelser kopplade till f\u00f6retaget, organisationen, varum\u00e4rket som ber\u00f6rt dem. Det blir ofta r\u00e4tt emotionellt och det \u00e4r inte ovanligt att r\u00f6rda t\u00e5rar tr\u00e4nger fram i \u00f6gonen p\u00e5 deltagarna. N\u00e4r man anv\u00e4nder sig av storytellingmetoden s\u00e5 g\u00e4ller det ju att&#8230;<\/p>\n","protected":false},"author":2,"featured_media":0,"comment_status":"open","ping_status":"closed","sticky":false,"template":"","format":"standard","meta":[],"categories":[2],"tags":[],"_links":{"self":[{"href":"https:\/\/storytellers.se\/index.php?rest_route=\/wp\/v2\/posts\/2764"}],"collection":[{"href":"https:\/\/storytellers.se\/index.php?rest_route=\/wp\/v2\/posts"}],"about":[{"href":"https:\/\/storytellers.se\/index.php?rest_route=\/wp\/v2\/types\/post"}],"author":[{"embeddable":true,"href":"https:\/\/storytellers.se\/index.php?rest_route=\/wp\/v2\/users\/2"}],"replies":[{"embeddable":true,"href":"https:\/\/storytellers.se\/index.php?rest_route=%2Fwp%2Fv2%2Fcomments&post=2764"}],"version-history":[{"count":0,"href":"https:\/\/storytellers.se\/index.php?rest_route=\/wp\/v2\/posts\/2764\/revisions"}],"wp:attachment":[{"href":"https:\/\/storytellers.se\/index.php?rest_route=%2Fwp%2Fv2%2Fmedia&parent=2764"}],"wp:term":[{"taxonomy":"category","embeddable":true,"href":"https:\/\/storytellers.se\/index.php?rest_route=%2Fwp%2Fv2%2Fcategories&post=2764"},{"taxonomy":"post_tag","embeddable":true,"href":"https:\/\/storytellers.se\/index.php?rest_route=%2Fwp%2Fv2%2Ftags&post=2764"}],"curies":[{"name":"wp","href":"https:\/\/api.w.org\/{rel}","templated":true}]}}