{"id":2760,"date":"2010-08-13T15:23:29","date_gmt":"2010-08-13T14:23:29","guid":{"rendered":"http:\/\/heijbel.wordpress.com\/2010\/08\/13\/hela-skolan-ett-folk"},"modified":"2010-08-13T15:23:29","modified_gmt":"2010-08-13T14:23:29","slug":"hela-skolan-ett-folk","status":"publish","type":"post","link":"https:\/\/storytellers.se\/?p=2760","title":{"rendered":"Hela skolan, ett folk"},"content":{"rendered":"<p>I g\u00e5r hade jag en hel dag med personalen p\u00e5 <em>Sj\u00f6stadsskolan<\/em> som \u00e4r en kommunal skola fr\u00e5n f\u00f6rskola till nian i Hammarby Sj\u00f6stad i Stockholm. Ledningen arbetar mycket med m\u00e5l och visioner och v\u00e4rdegrund. Men ibland blir det l\u00e4tt ord utan kropp och sj\u00e4l n\u00e4r man talar om dessa saker. D\u00e4rf\u00f6r hade vi ett uppl\u00e4gg som&#8230;<\/p>\n<p><!--more--><br \/>\n&#8230;gick ut p\u00e5 att befolka.<br \/>\nVi befolkade varum\u00e4rket med ber\u00e4ttelser h\u00e4mtade fr\u00e5n den egna verkligheten. Vi gick ocks\u00e5 igenom l\u00e4roplanen och \u00f6versatte den till en vardag och uttryckt p\u00e5 ett passionerat vardagligt spr\u00e5k utifr\u00e5n Sj\u00f6stadsskolans perspektiv.<br \/>\nDet \u00e4r fantastiskt att uppleva hur, i det h\u00e4r fallet <em>Sj\u00f6stadsfolket<\/em>, uppt\u00e4cker att de \u00e4r kulturb\u00e4rare och att de mellan varandra kan dela kulturen som finns lagrad i deras egna ber\u00e4ttelser.<br \/>\nDen unga, \u00e4nnu bara 3 \u00e5r gamla, Sj\u00f6stadsskolan har fortfarande nybyggarkarakt\u00e4r. Den kommer nu att arbeta f\u00f6r l\u00e4gga en storymedvetenhet in i sitt arbete med att bygga &#8221;framtidens skola&#8221;.<br \/>\nF\u00f6r det vet vi att om tio, tjugo \u00e5r kommer alla skolor att vara annorlunda \u00e4n i dag. Vad kan d\u00e5 den enskilda skolan sj\u00e4lv g\u00f6ra inom sina ramar f\u00f6r att styra och hur kan storytelling anv\u00e4ndas i processen genom att g\u00f6ra en t\u00e4nkbar framtid synlig?<br \/>\nS\u00e5dant diskuterar jag nu med skolledningen.<br \/>\nSkolor har ofta ett starkt emotionellt kapital som l\u00e5ter sig sk\u00f6rdas och s\u00e4ttas i arbete. Jag tror ocks\u00e5 att det \u00e4r av stort v\u00e4rde f\u00f6r skolpersonal av alla kategorier att se och k\u00e4nna och m\u00e4rka att de via de gemensamma ber\u00e4ttelserna \u00e4r en folkgrupp i sig.<\/p>\n","protected":false},"excerpt":{"rendered":"<p>I g\u00e5r hade jag en hel dag med personalen p\u00e5 Sj\u00f6stadsskolan som \u00e4r en kommunal skola fr\u00e5n f\u00f6rskola till nian i Hammarby Sj\u00f6stad i Stockholm. Ledningen arbetar mycket med m\u00e5l och visioner och v\u00e4rdegrund. Men ibland blir det l\u00e4tt ord utan kropp och sj\u00e4l n\u00e4r man talar om dessa saker. D\u00e4rf\u00f6r hade vi ett uppl\u00e4gg&#8230;<\/p>\n","protected":false},"author":2,"featured_media":0,"comment_status":"open","ping_status":"closed","sticky":false,"template":"","format":"standard","meta":[],"categories":[2],"tags":[],"_links":{"self":[{"href":"https:\/\/storytellers.se\/index.php?rest_route=\/wp\/v2\/posts\/2760"}],"collection":[{"href":"https:\/\/storytellers.se\/index.php?rest_route=\/wp\/v2\/posts"}],"about":[{"href":"https:\/\/storytellers.se\/index.php?rest_route=\/wp\/v2\/types\/post"}],"author":[{"embeddable":true,"href":"https:\/\/storytellers.se\/index.php?rest_route=\/wp\/v2\/users\/2"}],"replies":[{"embeddable":true,"href":"https:\/\/storytellers.se\/index.php?rest_route=%2Fwp%2Fv2%2Fcomments&post=2760"}],"version-history":[{"count":0,"href":"https:\/\/storytellers.se\/index.php?rest_route=\/wp\/v2\/posts\/2760\/revisions"}],"wp:attachment":[{"href":"https:\/\/storytellers.se\/index.php?rest_route=%2Fwp%2Fv2%2Fmedia&parent=2760"}],"wp:term":[{"taxonomy":"category","embeddable":true,"href":"https:\/\/storytellers.se\/index.php?rest_route=%2Fwp%2Fv2%2Fcategories&post=2760"},{"taxonomy":"post_tag","embeddable":true,"href":"https:\/\/storytellers.se\/index.php?rest_route=%2Fwp%2Fv2%2Ftags&post=2760"}],"curies":[{"name":"wp","href":"https:\/\/api.w.org\/{rel}","templated":true}]}}