{"id":2756,"date":"2010-08-07T19:42:38","date_gmt":"2010-08-07T18:42:38","guid":{"rendered":"http:\/\/heijbel.wordpress.com\/2010\/08\/07\/arets-marknadsforingsbok"},"modified":"2010-08-07T19:42:38","modified_gmt":"2010-08-07T18:42:38","slug":"arets-marknadsforingsbok","status":"publish","type":"post","link":"https:\/\/storytellers.se\/?p=2756","title":{"rendered":"\u00c5rets marknadsf\u00f6ringsbok"},"content":{"rendered":"<p>Min bok <em>Storytelling befolkar varum\u00e4rket<\/em> har nominerats till utn\u00e4mningen <strong>\u00c5rets Marknadsf\u00f6ringsbok 2010<\/strong>. Det \u00e4r Sveriges Marknadsf\u00f6rbund som \u00e5rligen utser en bok de tycker \u00e4r full av kunskap, inspiration och lyckade exempel. P\u00e5 Tendensdagen 14 oktober meddelas vilken av de nominerade b\u00f6ckerna som vinner.<\/p>\n","protected":false},"excerpt":{"rendered":"<p>Min bok Storytelling befolkar varum\u00e4rket har nominerats till utn\u00e4mningen \u00c5rets Marknadsf\u00f6ringsbok 2010. Det \u00e4r Sveriges Marknadsf\u00f6rbund som \u00e5rligen utser en bok de tycker \u00e4r full av kunskap, inspiration och lyckade exempel. P\u00e5 Tendensdagen 14 oktober meddelas vilken av de nominerade b\u00f6ckerna som vinner.<\/p>\n","protected":false},"author":2,"featured_media":0,"comment_status":"open","ping_status":"closed","sticky":false,"template":"","format":"standard","meta":[],"categories":[9],"tags":[],"_links":{"self":[{"href":"https:\/\/storytellers.se\/index.php?rest_route=\/wp\/v2\/posts\/2756"}],"collection":[{"href":"https:\/\/storytellers.se\/index.php?rest_route=\/wp\/v2\/posts"}],"about":[{"href":"https:\/\/storytellers.se\/index.php?rest_route=\/wp\/v2\/types\/post"}],"author":[{"embeddable":true,"href":"https:\/\/storytellers.se\/index.php?rest_route=\/wp\/v2\/users\/2"}],"replies":[{"embeddable":true,"href":"https:\/\/storytellers.se\/index.php?rest_route=%2Fwp%2Fv2%2Fcomments&post=2756"}],"version-history":[{"count":0,"href":"https:\/\/storytellers.se\/index.php?rest_route=\/wp\/v2\/posts\/2756\/revisions"}],"wp:attachment":[{"href":"https:\/\/storytellers.se\/index.php?rest_route=%2Fwp%2Fv2%2Fmedia&parent=2756"}],"wp:term":[{"taxonomy":"category","embeddable":true,"href":"https:\/\/storytellers.se\/index.php?rest_route=%2Fwp%2Fv2%2Fcategories&post=2756"},{"taxonomy":"post_tag","embeddable":true,"href":"https:\/\/storytellers.se\/index.php?rest_route=%2Fwp%2Fv2%2Ftags&post=2756"}],"curies":[{"name":"wp","href":"https:\/\/api.w.org\/{rel}","templated":true}]}}