{"id":2752,"date":"2010-07-20T13:38:35","date_gmt":"2010-07-20T12:38:35","guid":{"rendered":"http:\/\/heijbel.wordpress.com\/2010\/07\/20\/vi-hangde-pa-hagstroms"},"modified":"2010-07-20T13:38:35","modified_gmt":"2010-07-20T12:38:35","slug":"vi-hangde-pa-hagstroms","status":"publish","type":"post","link":"https:\/\/storytellers.se\/?p=2752","title":{"rendered":"Vi h\u00e4ngde p\u00e5 Hagstr\u00f6ms"},"content":{"rendered":"<p>Nu \u00e4r <strong>Mr Hagstr\u00f6m<\/strong> d\u00f6d. N\u00e4r jag gick p\u00e5 gymnasiet i Sk\u00f6vde hade vi en grupp som sj\u00f6ng blue grass och annan amerikansk folkmusik. St\u00e5bas, en rad gitarrer, bl a Hagstr\u00f6ms och m\u00e5nga r\u00f6ster. G-banjo ocks\u00e5 f\u00f6rst\u00e5s. Och mandolin. Vi reste runt i en gammal folkabuss i V\u00e4stsverige och tj\u00e4nade r\u00e4tt bra med pengar, faktiskt. Musikaff\u00e4ren d\u00e4r vi h\u00e4ngde hette Hagstr\u00f6ms och Hagstr\u00f6ms gitarrer talade vi om med respekt. Nyligen l\u00e4ste jag storyn om <strong>Karl Erik Hagstr\u00f6m<\/strong>.<br \/>\nDet var <strong>Martin Aag\u00e5rd<\/strong> p\u00e5 Aftonbladet som ber\u00e4ttade att&#8230;<\/p>\n<p><!--more--><br \/>\n&#8230;Karl Erik Hagstr\u00f6m, som blev 78 \u00e5r, var fabrik\u00f6r fr\u00e5n \u00c4lvdalen. Han har, enligt Aag\u00e5rd, betytt mer f\u00f6r det svenska popundret \u00e4n n\u00e5gon annan.<br \/>\nHan \u00e4rvde sin pappas dragspelsfabrik, ja det stod <em>Hagstr\u00f6ms<\/em> p\u00e5 m\u00e5nga av de b\u00e4sta gamla dragspelen. Han reste till Amerika eftersom det gick r\u00e4tt tr\u00f6gt med f\u00f6rs\u00e4ljningen. Han trodde amerikanarna skulle vara intresserade av dragspel.<br \/>\nDet var nu inte amerikanarna.<br \/>\nDet enda de var intresserade av var rock och rock spelas p\u00e5 elgitarr.<br \/>\nD\u00e5 \u00e5kte Hagstr\u00f6m hem till \u00c4lvdalen och b\u00f6rjade bygga elgitarrer, som vi allts\u00e5 sneglade p\u00e5 i Hagstr\u00f6msbutiken i Sk\u00f6vde.<br \/>\n<strong>Elvis<\/strong> anv\u00e4nde dem, och <strong>Abba<\/strong> och <strong>Curt Cobain<\/strong>. Liksom <strong>David Bowie<\/strong> och <strong>Roxy Music<\/strong>.<br \/>\nMen han l\u00e4rde ocks\u00e5 upp svenska folket att spela p\u00e5 gitarrerna. En bildningsinsats via butikerna som studief\u00f6rbunden senare tog efter. D\u00e4rav den svenska popmusikens gudfader, som Martin Aag\u00e5rd kallar honom.<br \/>\nEn fantastisk skapelseber\u00e4ttelse om en nyt\u00e4nkande entrepren\u00f6r. Det \u00e4r typiskt f\u00f6r entreper\u00f6ner. De t\u00e4nker att blev det inte som det blev..s\u00e5\u00e5..Vad blev det d\u00e5?<br \/>\n<a href=\"http:\/\/blogg.aftonbladet.se\/kulturbloggen\/2010\/07\/mannen-som-elektrifierade-svensk-musik\"><em>H\u00e4r<\/em><\/a> \u00e4r Martin Aag\u00e5rds text om den nyligen insomnade.<\/p>\n","protected":false},"excerpt":{"rendered":"<p>Nu \u00e4r Mr Hagstr\u00f6m d\u00f6d. N\u00e4r jag gick p\u00e5 gymnasiet i Sk\u00f6vde hade vi en grupp som sj\u00f6ng blue grass och annan amerikansk folkmusik. St\u00e5bas, en rad gitarrer, bl a Hagstr\u00f6ms och m\u00e5nga r\u00f6ster. G-banjo ocks\u00e5 f\u00f6rst\u00e5s. Och mandolin. Vi reste runt i en gammal folkabuss i V\u00e4stsverige och tj\u00e4nade r\u00e4tt bra med pengar, faktiskt&#8230;.<\/p>\n","protected":false},"author":2,"featured_media":0,"comment_status":"open","ping_status":"closed","sticky":false,"template":"","format":"standard","meta":[],"categories":[2],"tags":[],"_links":{"self":[{"href":"https:\/\/storytellers.se\/index.php?rest_route=\/wp\/v2\/posts\/2752"}],"collection":[{"href":"https:\/\/storytellers.se\/index.php?rest_route=\/wp\/v2\/posts"}],"about":[{"href":"https:\/\/storytellers.se\/index.php?rest_route=\/wp\/v2\/types\/post"}],"author":[{"embeddable":true,"href":"https:\/\/storytellers.se\/index.php?rest_route=\/wp\/v2\/users\/2"}],"replies":[{"embeddable":true,"href":"https:\/\/storytellers.se\/index.php?rest_route=%2Fwp%2Fv2%2Fcomments&post=2752"}],"version-history":[{"count":0,"href":"https:\/\/storytellers.se\/index.php?rest_route=\/wp\/v2\/posts\/2752\/revisions"}],"wp:attachment":[{"href":"https:\/\/storytellers.se\/index.php?rest_route=%2Fwp%2Fv2%2Fmedia&parent=2752"}],"wp:term":[{"taxonomy":"category","embeddable":true,"href":"https:\/\/storytellers.se\/index.php?rest_route=%2Fwp%2Fv2%2Fcategories&post=2752"},{"taxonomy":"post_tag","embeddable":true,"href":"https:\/\/storytellers.se\/index.php?rest_route=%2Fwp%2Fv2%2Ftags&post=2752"}],"curies":[{"name":"wp","href":"https:\/\/api.w.org\/{rel}","templated":true}]}}