{"id":2748,"date":"2010-07-06T11:43:07","date_gmt":"2010-07-06T10:43:07","guid":{"rendered":"http:\/\/heijbel.wordpress.com\/2010\/07\/06\/provlas-min-bok"},"modified":"2010-07-06T11:43:07","modified_gmt":"2010-07-06T10:43:07","slug":"provlas-min-bok","status":"publish","type":"post","link":"https:\/\/storytellers.se\/?p=2748","title":{"rendered":"Provl\u00e4s min bok"},"content":{"rendered":"<p>P\u00e5 <strong>Bokus<\/strong> har de min bok <em>Storytelling befolkar varum\u00e4rket<\/em> som kampanjbok i sommar. Den finns ocks\u00e5 att k\u00f6pa h\u00e4r p\u00e5 <a href=\"http:\/\/www.adlibris.com\/se\/product.aspx?isbn=9197738298\"><em>Adlibris<\/em><\/a>. Den skickas inom n\u00e5gra dagar och d\u00e4r kan du ocks\u00e5 v\u00e4lja att provl\u00e4sa ur den direkt p\u00e5 n\u00e4tet.<\/p>\n","protected":false},"excerpt":{"rendered":"<p>P\u00e5 Bokus har de min bok Storytelling befolkar varum\u00e4rket som kampanjbok i sommar. Den finns ocks\u00e5 att k\u00f6pa h\u00e4r p\u00e5 Adlibris. Den skickas inom n\u00e5gra dagar och d\u00e4r kan du ocks\u00e5 v\u00e4lja att provl\u00e4sa ur den direkt p\u00e5 n\u00e4tet.<\/p>\n","protected":false},"author":2,"featured_media":0,"comment_status":"open","ping_status":"closed","sticky":false,"template":"","format":"standard","meta":[],"categories":[3],"tags":[],"_links":{"self":[{"href":"https:\/\/storytellers.se\/index.php?rest_route=\/wp\/v2\/posts\/2748"}],"collection":[{"href":"https:\/\/storytellers.se\/index.php?rest_route=\/wp\/v2\/posts"}],"about":[{"href":"https:\/\/storytellers.se\/index.php?rest_route=\/wp\/v2\/types\/post"}],"author":[{"embeddable":true,"href":"https:\/\/storytellers.se\/index.php?rest_route=\/wp\/v2\/users\/2"}],"replies":[{"embeddable":true,"href":"https:\/\/storytellers.se\/index.php?rest_route=%2Fwp%2Fv2%2Fcomments&post=2748"}],"version-history":[{"count":0,"href":"https:\/\/storytellers.se\/index.php?rest_route=\/wp\/v2\/posts\/2748\/revisions"}],"wp:attachment":[{"href":"https:\/\/storytellers.se\/index.php?rest_route=%2Fwp%2Fv2%2Fmedia&parent=2748"}],"wp:term":[{"taxonomy":"category","embeddable":true,"href":"https:\/\/storytellers.se\/index.php?rest_route=%2Fwp%2Fv2%2Fcategories&post=2748"},{"taxonomy":"post_tag","embeddable":true,"href":"https:\/\/storytellers.se\/index.php?rest_route=%2Fwp%2Fv2%2Ftags&post=2748"}],"curies":[{"name":"wp","href":"https:\/\/api.w.org\/{rel}","templated":true}]}}