{"id":2744,"date":"2010-06-23T12:37:08","date_gmt":"2010-06-23T11:37:08","guid":{"rendered":"http:\/\/heijbel.wordpress.com\/2010\/06\/23\/vi-eller-de"},"modified":"2010-06-23T12:37:08","modified_gmt":"2010-06-23T11:37:08","slug":"vi-eller-de","status":"publish","type":"post","link":"https:\/\/storytellers.se\/?p=2744","title":{"rendered":"Vi eller de?"},"content":{"rendered":"<p><em>Vi eller de<\/em> n\u00e4r man muntligt ber\u00e4ttar om n\u00e5got som ang\u00e5r en organisation. F\u00f6rsta eller tredje person? Den fr\u00e5gan dyker ofta upp, senast n\u00e4r jag nyligen hade n\u00e5gra seminarier med kommunikat\u00f6rer i Uppsala kommun. Det d\u00e4r kan man alltid diskutera. Ber\u00e4ttas en story i <em>jag-vi-form<\/em> fr\u00e5n insidan s\u00e5 blir den naturligt konverterd till <em>de-form<\/em> n\u00e4r utsidan \u00e5terber\u00e4ttar.<br \/>\nMen om man arbetar i varum\u00e4rkets insida kan det vittnande jaget ofta vara starkt i gruppen. Sj\u00e4lv \u00e4r jag f\u00f6rtjust i tredje person. Jag talar allts\u00e5 hellre <em>om<\/em> \u00e4n <em>ur<\/em> Uppsala kommun om jag ska sprida Uppsala-stories. Det passar ocks\u00e5 b\u00e4ttre in i den traditionella sagodramaturgin:<br \/>\n<em><strong>En g\u00e5ng i Uppsala&#8230;.<\/strong><\/em><\/p>\n","protected":false},"excerpt":{"rendered":"<p>Vi eller de n\u00e4r man muntligt ber\u00e4ttar om n\u00e5got som ang\u00e5r en organisation. F\u00f6rsta eller tredje person? Den fr\u00e5gan dyker ofta upp, senast n\u00e4r jag nyligen hade n\u00e5gra seminarier med kommunikat\u00f6rer i Uppsala kommun. Det d\u00e4r kan man alltid diskutera. Ber\u00e4ttas en story i jag-vi-form fr\u00e5n insidan s\u00e5 blir den naturligt konverterd till de-form n\u00e4r&#8230;<\/p>\n","protected":false},"author":2,"featured_media":0,"comment_status":"open","ping_status":"closed","sticky":false,"template":"","format":"standard","meta":[],"categories":[6],"tags":[],"_links":{"self":[{"href":"https:\/\/storytellers.se\/index.php?rest_route=\/wp\/v2\/posts\/2744"}],"collection":[{"href":"https:\/\/storytellers.se\/index.php?rest_route=\/wp\/v2\/posts"}],"about":[{"href":"https:\/\/storytellers.se\/index.php?rest_route=\/wp\/v2\/types\/post"}],"author":[{"embeddable":true,"href":"https:\/\/storytellers.se\/index.php?rest_route=\/wp\/v2\/users\/2"}],"replies":[{"embeddable":true,"href":"https:\/\/storytellers.se\/index.php?rest_route=%2Fwp%2Fv2%2Fcomments&post=2744"}],"version-history":[{"count":0,"href":"https:\/\/storytellers.se\/index.php?rest_route=\/wp\/v2\/posts\/2744\/revisions"}],"wp:attachment":[{"href":"https:\/\/storytellers.se\/index.php?rest_route=%2Fwp%2Fv2%2Fmedia&parent=2744"}],"wp:term":[{"taxonomy":"category","embeddable":true,"href":"https:\/\/storytellers.se\/index.php?rest_route=%2Fwp%2Fv2%2Fcategories&post=2744"},{"taxonomy":"post_tag","embeddable":true,"href":"https:\/\/storytellers.se\/index.php?rest_route=%2Fwp%2Fv2%2Ftags&post=2744"}],"curies":[{"name":"wp","href":"https:\/\/api.w.org\/{rel}","templated":true}]}}