{"id":2732,"date":"2010-06-04T11:36:41","date_gmt":"2010-06-04T10:36:41","guid":{"rendered":"http:\/\/heijbel.wordpress.com\/2010\/06\/04\/doktorandseminarium-pa-sodertorn"},"modified":"2010-06-04T11:36:41","modified_gmt":"2010-06-04T10:36:41","slug":"doktorandseminarium-pa-sodertorn","status":"publish","type":"post","link":"https:\/\/storytellers.se\/?p=2732","title":{"rendered":"Doktorandseminarium p\u00e5 S\u00f6dert\u00f6rn"},"content":{"rendered":"<p>Allm\u00e4nheten \u00e4r v\u00e4lkommen p\u00e5 torsdag i n\u00e4sta vecka, den 10 juni, n\u00e4r ocks\u00e5 ska jag g\u00e5 p\u00e5 <strong>Hanna Sofia Rehnbergs<\/strong> \u00f6ppna <em>doktorandseminarium om Corporate Storytelling p\u00e5 S\u00f6dert\u00f6rns H\u00f6gskola<\/em>. Hon \u00e4r, s\u00e5 vitt jag vet, den f\u00f6rsta som doktorerar p\u00e5 Corporate Storytelling i Sverige och jag f\u00f6ljer och st\u00f6ttar henne efter b\u00e4sta f\u00f6rm\u00e5ga.<br \/>\nDetta \u00e4r en informell f\u00f6rel\u00e4sning med diskussion och hon kommer bland annat att tala en del utifr\u00e5n min senaste bok <em>Storytelling befolkar varum\u00e4rket<\/em>.<br \/>\nHanna Sofia Rehnberg h\u00e4lsar att hon g\u00e4rna vill ha kontakter och bollplank och hon vill g\u00e4rna h\u00f6ra av f\u00f6retag som \u00e4gnar sig \u00e5t storytelling. Kontakta henne d\u00e4rf\u00f6r g\u00e4rna p\u00e5 <a href=\"mailto:hanna.sofia.rehnberg@sh.se\">hanna.sofia.rehnberg@sh.se<\/a><br \/>\nF\u00f6rel\u00e4sningen \u00e4r klockan 15.00 i rum E439.<br \/>\nTill S\u00f6dert\u00f6rns H\u00f6gskola tar man sig smidigt fr\u00e5n Stockholmsh\u00e5llet med pendelt\u00e5get mot S\u00f6dert\u00e4lje till station Flemingsberg.<\/p>\n","protected":false},"excerpt":{"rendered":"<p>Allm\u00e4nheten \u00e4r v\u00e4lkommen p\u00e5 torsdag i n\u00e4sta vecka, den 10 juni, n\u00e4r ocks\u00e5 ska jag g\u00e5 p\u00e5 Hanna Sofia Rehnbergs \u00f6ppna doktorandseminarium om Corporate Storytelling p\u00e5 S\u00f6dert\u00f6rns H\u00f6gskola. Hon \u00e4r, s\u00e5 vitt jag vet, den f\u00f6rsta som doktorerar p\u00e5 Corporate Storytelling i Sverige och jag f\u00f6ljer och st\u00f6ttar henne efter b\u00e4sta f\u00f6rm\u00e5ga. Detta \u00e4r en&#8230;<\/p>\n","protected":false},"author":2,"featured_media":0,"comment_status":"open","ping_status":"closed","sticky":false,"template":"","format":"standard","meta":[],"categories":[9],"tags":[],"_links":{"self":[{"href":"https:\/\/storytellers.se\/index.php?rest_route=\/wp\/v2\/posts\/2732"}],"collection":[{"href":"https:\/\/storytellers.se\/index.php?rest_route=\/wp\/v2\/posts"}],"about":[{"href":"https:\/\/storytellers.se\/index.php?rest_route=\/wp\/v2\/types\/post"}],"author":[{"embeddable":true,"href":"https:\/\/storytellers.se\/index.php?rest_route=\/wp\/v2\/users\/2"}],"replies":[{"embeddable":true,"href":"https:\/\/storytellers.se\/index.php?rest_route=%2Fwp%2Fv2%2Fcomments&post=2732"}],"version-history":[{"count":0,"href":"https:\/\/storytellers.se\/index.php?rest_route=\/wp\/v2\/posts\/2732\/revisions"}],"wp:attachment":[{"href":"https:\/\/storytellers.se\/index.php?rest_route=%2Fwp%2Fv2%2Fmedia&parent=2732"}],"wp:term":[{"taxonomy":"category","embeddable":true,"href":"https:\/\/storytellers.se\/index.php?rest_route=%2Fwp%2Fv2%2Fcategories&post=2732"},{"taxonomy":"post_tag","embeddable":true,"href":"https:\/\/storytellers.se\/index.php?rest_route=%2Fwp%2Fv2%2Ftags&post=2732"}],"curies":[{"name":"wp","href":"https:\/\/api.w.org\/{rel}","templated":true}]}}