{"id":2730,"date":"2010-06-02T14:10:42","date_gmt":"2010-06-02T13:10:42","guid":{"rendered":"http:\/\/heijbel.wordpress.com\/2010\/06\/02\/nasta-frukostseminarium-4-augusti"},"modified":"2010-06-02T14:10:42","modified_gmt":"2010-06-02T13:10:42","slug":"nasta-frukostseminarium-4-augusti","status":"publish","type":"post","link":"https:\/\/storytellers.se\/?p=2730","title":{"rendered":"N\u00e4sta frukostseminarium 4 augusti"},"content":{"rendered":"<p>Den <strong>4 augusti<\/strong> har jag n\u00e4sta frukostseminarium p\u00e5 Hornsgatan 52, vid Mariatorget. Jag inspirationsf\u00f6rel\u00e4ser och beroende p\u00e5 gruppens sammans\u00e4ttning tar sedan storytellingdiskussionen den v\u00e4g den kan. Deltagarna brukar utbyta erfarenheter och kontaktuppgifter och alla har m\u00f6jlighet att st\u00e4lla just sina fr\u00e5gor om storytelling och exempelvis om hur man workshopar inom det h\u00e4r omr\u00e5det. Mycket trevligt har vi alltid.<br \/>\nJag dukar bordet med kaffe, te och mackor och vi k\u00f6r 08.30-10.30. Jag debiterar 500 sek+moms. Vill du vara med n\u00e4sta g\u00e5ng, den 4 augusti, s\u00e5 kan du anm\u00e4la dig h\u00e4r:  <a href=\"mailto:matts@storytellers.se\">matts@storytellers.se<\/a><\/p>\n","protected":false},"excerpt":{"rendered":"<p>Den 4 augusti har jag n\u00e4sta frukostseminarium p\u00e5 Hornsgatan 52, vid Mariatorget. Jag inspirationsf\u00f6rel\u00e4ser och beroende p\u00e5 gruppens sammans\u00e4ttning tar sedan storytellingdiskussionen den v\u00e4g den kan. Deltagarna brukar utbyta erfarenheter och kontaktuppgifter och alla har m\u00f6jlighet att st\u00e4lla just sina fr\u00e5gor om storytelling och exempelvis om hur man workshopar inom det h\u00e4r omr\u00e5det. Mycket trevligt&#8230;<\/p>\n","protected":false},"author":2,"featured_media":0,"comment_status":"open","ping_status":"closed","sticky":false,"template":"","format":"standard","meta":[],"categories":[9],"tags":[],"_links":{"self":[{"href":"https:\/\/storytellers.se\/index.php?rest_route=\/wp\/v2\/posts\/2730"}],"collection":[{"href":"https:\/\/storytellers.se\/index.php?rest_route=\/wp\/v2\/posts"}],"about":[{"href":"https:\/\/storytellers.se\/index.php?rest_route=\/wp\/v2\/types\/post"}],"author":[{"embeddable":true,"href":"https:\/\/storytellers.se\/index.php?rest_route=\/wp\/v2\/users\/2"}],"replies":[{"embeddable":true,"href":"https:\/\/storytellers.se\/index.php?rest_route=%2Fwp%2Fv2%2Fcomments&post=2730"}],"version-history":[{"count":0,"href":"https:\/\/storytellers.se\/index.php?rest_route=\/wp\/v2\/posts\/2730\/revisions"}],"wp:attachment":[{"href":"https:\/\/storytellers.se\/index.php?rest_route=%2Fwp%2Fv2%2Fmedia&parent=2730"}],"wp:term":[{"taxonomy":"category","embeddable":true,"href":"https:\/\/storytellers.se\/index.php?rest_route=%2Fwp%2Fv2%2Fcategories&post=2730"},{"taxonomy":"post_tag","embeddable":true,"href":"https:\/\/storytellers.se\/index.php?rest_route=%2Fwp%2Fv2%2Ftags&post=2730"}],"curies":[{"name":"wp","href":"https:\/\/api.w.org\/{rel}","templated":true}]}}