{"id":2728,"date":"2010-06-02T13:52:16","date_gmt":"2010-06-02T12:52:16","guid":{"rendered":"http:\/\/heijbel.wordpress.com\/2010\/06\/02\/fint-frukostseminarium"},"modified":"2010-06-02T13:52:16","modified_gmt":"2010-06-02T12:52:16","slug":"fint-frukostseminarium","status":"publish","type":"post","link":"https:\/\/storytellers.se\/?p=2728","title":{"rendered":"Fint frukostseminarium"},"content":{"rendered":"<p>I dag hade jag ett av mina \u00e5terkommande <strong>Frukostseminarier<\/strong> vid Mariatorget p\u00e5 S\u00f6der i Stockholm. Vi var den h\u00e4r g\u00e5ngen Eventf\u00f6retag, Skolfolk, Konsulter, Sk\u00e5despelare och Sm\u00e5f\u00f6retagare inom ekologiska barnkl\u00e4der. Seminariet pr\u00e4glas av deltagarnas intressen och inriktningar.<br \/>\nI dag blev det en hel del diskussioner om kreativitet och om hur man kan anv\u00e4nda storytelling f\u00f6r att leda oss in i framtiden. Vi diskuterade ocks\u00e5 om man kan anv\u00e4nda storytelling f\u00f6r att identifiera kriser och problem, vilket man f\u00f6rst\u00e5s kan. Detta handlar om ett multiverktyg som man anv\u00e4nder som man vill och med den strategi man l\u00e4gger upp.<br \/>\n\u00c4r du intresserad av att jag kommer och h\u00e5ller ett frukostseminarium hos er, s\u00e5 kontakta mig p\u00e5 <a href=\"mailto:matts@storytellers.se\">matts@storytellers.se<\/a><\/p>\n","protected":false},"excerpt":{"rendered":"<p>I dag hade jag ett av mina \u00e5terkommande Frukostseminarier vid Mariatorget p\u00e5 S\u00f6der i Stockholm. Vi var den h\u00e4r g\u00e5ngen Eventf\u00f6retag, Skolfolk, Konsulter, Sk\u00e5despelare och Sm\u00e5f\u00f6retagare inom ekologiska barnkl\u00e4der. Seminariet pr\u00e4glas av deltagarnas intressen och inriktningar. I dag blev det en hel del diskussioner om kreativitet och om hur man kan anv\u00e4nda storytelling f\u00f6r att&#8230;<\/p>\n","protected":false},"author":2,"featured_media":0,"comment_status":"open","ping_status":"closed","sticky":false,"template":"","format":"standard","meta":[],"categories":[2],"tags":[],"_links":{"self":[{"href":"https:\/\/storytellers.se\/index.php?rest_route=\/wp\/v2\/posts\/2728"}],"collection":[{"href":"https:\/\/storytellers.se\/index.php?rest_route=\/wp\/v2\/posts"}],"about":[{"href":"https:\/\/storytellers.se\/index.php?rest_route=\/wp\/v2\/types\/post"}],"author":[{"embeddable":true,"href":"https:\/\/storytellers.se\/index.php?rest_route=\/wp\/v2\/users\/2"}],"replies":[{"embeddable":true,"href":"https:\/\/storytellers.se\/index.php?rest_route=%2Fwp%2Fv2%2Fcomments&post=2728"}],"version-history":[{"count":0,"href":"https:\/\/storytellers.se\/index.php?rest_route=\/wp\/v2\/posts\/2728\/revisions"}],"wp:attachment":[{"href":"https:\/\/storytellers.se\/index.php?rest_route=%2Fwp%2Fv2%2Fmedia&parent=2728"}],"wp:term":[{"taxonomy":"category","embeddable":true,"href":"https:\/\/storytellers.se\/index.php?rest_route=%2Fwp%2Fv2%2Fcategories&post=2728"},{"taxonomy":"post_tag","embeddable":true,"href":"https:\/\/storytellers.se\/index.php?rest_route=%2Fwp%2Fv2%2Ftags&post=2728"}],"curies":[{"name":"wp","href":"https:\/\/api.w.org\/{rel}","templated":true}]}}