{"id":2726,"date":"2010-06-01T15:49:02","date_gmt":"2010-06-01T14:49:02","guid":{"rendered":"http:\/\/heijbel.wordpress.com\/2010\/06\/01\/vattenfall-vaktar-stugan"},"modified":"2010-06-01T15:49:02","modified_gmt":"2010-06-01T14:49:02","slug":"vattenfall-vaktar-stugan","status":"publish","type":"post","link":"https:\/\/storytellers.se\/?p=2726","title":{"rendered":"Vattenfall vaktar stugan"},"content":{"rendered":"<p><strong>Ewa \u00c5kerlind<\/strong> som arbetar med kommunikation p\u00e5 <em>Vattenfall<\/em> \u00e4r ocks\u00e5 kund till Vattenfall. Exempelvis n\u00e4r det g\u00e4ller stugan som Vattenfall vaktar \u00e5t henne och hennes familj.<br \/>\nS\u00e5 h\u00e4r g\u00e5r det till, enligt hennes egen ber\u00e4ttelse:<\/p>\n<p><!--more--><br \/>\n<strong>Stugvakten<\/strong><br \/>\n<em> Stugan \u00e4r min och familjens lilla oas. Tr\u00e4dg\u00e5rden \u00e4r helt underbar!  Damen vi k\u00f6pte huset av var en verklig tr\u00e4dg\u00e5rdsexpert. Fr\u00e5n tidigt p\u00e5 v\u00e5ren till sent p\u00e5 h\u00f6sten m\u00f6ts vi alltid av en lummig gr\u00f6nska och enorm blomsterprakt.<br \/>\nDet \u00e4r v\u00e4rre st\u00e4llt med sj\u00e4lva huset. Litet, brunt och gr\u00e5vitt ligger det uppkrupet p\u00e5 berget. Trappan upp \u00e4r vinglig, rummen \u00e4r pyttesm\u00e5, golvet knarrar och k\u00f6ksluckorna sitter snett.<br \/>\nVattenledningarna, som \u00e4r dragna under huset, \u00e4r upph\u00e4ngda med f\u00e4rgglada bitar av ett gammalt kl\u00e4dstreck. De skyddas av en v\u00e4rmande el-slinga vintertid, f\u00f6r att inte spricka. Elen k\u00f6per jag fr\u00e5n Vattenfall.<br \/>\nDe flesta stug\u00e4gare \u00e5ker ut och ser till huset ett par g\u00e5nger i m\u00e5naden p\u00e5 vintern r\u00e4dda f\u00f6r att drabbas av s\u00f6nderfrusna vattenledningar eller en frys som b\u00f6rjat frosta av sig sj\u00e4lv. Det blir ju ofta str\u00f6mavbrott i bl\u00e5siga Roslagen vilket kan leda till dessa skr\u00e4ckscenarier.<br \/>\nMen jag tar det lugnt, tack vare Vattenfall.<br \/>\nJag har ju min stugvakt. Nu \u00e4r det inte grannen jag menar h\u00e4r utan det \u00e4r faktiskt min elleverant\u00f6r, Vattenfall, som skickar ett sms om det blir str\u00f6mavbrott just i Dyvik p\u00e5 V\u00e4t\u00f6.<br \/>\nI sms\u2019et st\u00e5r det att det \u00e4r str\u00f6mavbrott p\u00e5 V\u00e4t\u00f6. Det framg\u00e5r ocks\u00e5 och n\u00e4r det ber\u00e4knas vara avhj\u00e4lpt, s\u00e5 jag vet. N\u00e4r elen snart fungerar igen, f\u00e5r jag ett nytt meddelande. D\u00e5 kan jag pusta ut igen.<br \/>\nVattenfall tar sitt ansvar och jag f\u00f6rv\u00e4ntar mig att elen bara ska fungera. I v\u00e4rsta fall, om nu avbrottet skulle vara l\u00e4ngre \u00e4n 24 timmar f\u00e5r jag ocks\u00e5 ers\u00e4ttning fr\u00e5n Vattenfall, helt automatiskt.<br \/>\nJag anm\u00e4lde mig till sms-tj\u00e4nsten p\u00e5 Vattenfalls hemsida, n\u00e4r jag hade k\u00f6pt huset. Det \u00e4r bra att Vattenfall \u00e4r \u00f6ppna med att det faktisk <strong>kan<\/strong> bli str\u00f6mavbrott och vad man i s\u00e5 fall ska t\u00e4nka p\u00e5.<br \/>\nTill exempel klarar sig frysen flera dygn, bara man inte \u00f6ppnar d\u00f6rren.<br \/>\nEtt sms \u00e4r ett bra och effektivt s\u00e4tt att meddela sig p\u00e5. Om jag skulle vara p\u00e5 landet och allt skulle bli svart, s\u00e5 vet jag vad som h\u00e4nt och n\u00e4r det kan bli klart.  Man kan ju inte g\u00e5 in p\u00e5 Internet eller se p\u00e5 TV d\u00e5.<br \/>\nTV kan jag i och f\u00f6r sig \u00e4nd\u00e5 inte se p\u00e5, ingen har v\u00e5gat sig upp p\u00e5 pl\u00e5ttaket f\u00f6r att st\u00e4lla in antennen. Det kanske inte h\u00e5ller\u2026<\/em><br \/>\n<strong>Ewa \u00c5kerlind<\/strong> tycker att denna Vattenfallstj\u00e4nst passar bra p\u00e5 v\u00e4rdeorden <strong>Ansvarstagande<\/strong> och <strong>Effektivitet<\/strong> som ing\u00e5r i f\u00f6retagets v\u00e4rdegrund.<\/p>\n","protected":false},"excerpt":{"rendered":"<p>Ewa \u00c5kerlind som arbetar med kommunikation p\u00e5 Vattenfall \u00e4r ocks\u00e5 kund till Vattenfall. Exempelvis n\u00e4r det g\u00e4ller stugan som Vattenfall vaktar \u00e5t henne och hennes familj. S\u00e5 h\u00e4r g\u00e5r det till, enligt hennes egen ber\u00e4ttelse:<\/p>\n","protected":false},"author":2,"featured_media":0,"comment_status":"open","ping_status":"closed","sticky":false,"template":"","format":"standard","meta":[],"categories":[10],"tags":[],"_links":{"self":[{"href":"https:\/\/storytellers.se\/index.php?rest_route=\/wp\/v2\/posts\/2726"}],"collection":[{"href":"https:\/\/storytellers.se\/index.php?rest_route=\/wp\/v2\/posts"}],"about":[{"href":"https:\/\/storytellers.se\/index.php?rest_route=\/wp\/v2\/types\/post"}],"author":[{"embeddable":true,"href":"https:\/\/storytellers.se\/index.php?rest_route=\/wp\/v2\/users\/2"}],"replies":[{"embeddable":true,"href":"https:\/\/storytellers.se\/index.php?rest_route=%2Fwp%2Fv2%2Fcomments&post=2726"}],"version-history":[{"count":0,"href":"https:\/\/storytellers.se\/index.php?rest_route=\/wp\/v2\/posts\/2726\/revisions"}],"wp:attachment":[{"href":"https:\/\/storytellers.se\/index.php?rest_route=%2Fwp%2Fv2%2Fmedia&parent=2726"}],"wp:term":[{"taxonomy":"category","embeddable":true,"href":"https:\/\/storytellers.se\/index.php?rest_route=%2Fwp%2Fv2%2Fcategories&post=2726"},{"taxonomy":"post_tag","embeddable":true,"href":"https:\/\/storytellers.se\/index.php?rest_route=%2Fwp%2Fv2%2Ftags&post=2726"}],"curies":[{"name":"wp","href":"https:\/\/api.w.org\/{rel}","templated":true}]}}