{"id":2722,"date":"2010-05-29T09:24:30","date_gmt":"2010-05-29T08:24:30","guid":{"rendered":"http:\/\/heijbel.wordpress.com\/2010\/05\/29\/spykerchefen-victor-muller"},"modified":"2010-05-29T09:24:30","modified_gmt":"2010-05-29T08:24:30","slug":"spykerchefen-victor-muller","status":"publish","type":"post","link":"https:\/\/storytellers.se\/?p=2722","title":{"rendered":"Spykerchefen Victor Muller"},"content":{"rendered":"<p>Spyker-chefen <strong>Victor Muller<\/strong>, som ligger bakom Saab-aff\u00e4ren, ber\u00e4ttade i dag i TV4 att han v\u00e4xte upp i s\u00f6dra Amsterdam och s\u00e5g Saab-handlaren fr\u00e5n sitt pojkrumsf\u00f6nster. Saab-handlaren hade glastak p\u00e5 sin bilanl\u00e4ggning. D\u00e4r \u00e5kte Saabarna ut och in. Modell <em>93<\/em> och <em>96<\/em>. Victor \u00e4lskade dessa bilar. Den d\u00e4r pojkk\u00e4nslan ligger, s\u00e4ger han, bakom hans satsning p\u00e5 Saab 2010. En liten passionsstory.<\/p>\n","protected":false},"excerpt":{"rendered":"<p>Spyker-chefen Victor Muller, som ligger bakom Saab-aff\u00e4ren, ber\u00e4ttade i dag i TV4 att han v\u00e4xte upp i s\u00f6dra Amsterdam och s\u00e5g Saab-handlaren fr\u00e5n sitt pojkrumsf\u00f6nster. Saab-handlaren hade glastak p\u00e5 sin bilanl\u00e4ggning. D\u00e4r \u00e5kte Saabarna ut och in. Modell 93 och 96. Victor \u00e4lskade dessa bilar. Den d\u00e4r pojkk\u00e4nslan ligger, s\u00e4ger han, bakom hans satsning p\u00e5&#8230;<\/p>\n","protected":false},"author":2,"featured_media":0,"comment_status":"open","ping_status":"closed","sticky":false,"template":"","format":"standard","meta":[],"categories":[10],"tags":[],"_links":{"self":[{"href":"https:\/\/storytellers.se\/index.php?rest_route=\/wp\/v2\/posts\/2722"}],"collection":[{"href":"https:\/\/storytellers.se\/index.php?rest_route=\/wp\/v2\/posts"}],"about":[{"href":"https:\/\/storytellers.se\/index.php?rest_route=\/wp\/v2\/types\/post"}],"author":[{"embeddable":true,"href":"https:\/\/storytellers.se\/index.php?rest_route=\/wp\/v2\/users\/2"}],"replies":[{"embeddable":true,"href":"https:\/\/storytellers.se\/index.php?rest_route=%2Fwp%2Fv2%2Fcomments&post=2722"}],"version-history":[{"count":0,"href":"https:\/\/storytellers.se\/index.php?rest_route=\/wp\/v2\/posts\/2722\/revisions"}],"wp:attachment":[{"href":"https:\/\/storytellers.se\/index.php?rest_route=%2Fwp%2Fv2%2Fmedia&parent=2722"}],"wp:term":[{"taxonomy":"category","embeddable":true,"href":"https:\/\/storytellers.se\/index.php?rest_route=%2Fwp%2Fv2%2Fcategories&post=2722"},{"taxonomy":"post_tag","embeddable":true,"href":"https:\/\/storytellers.se\/index.php?rest_route=%2Fwp%2Fv2%2Ftags&post=2722"}],"curies":[{"name":"wp","href":"https:\/\/api.w.org\/{rel}","templated":true}]}}