{"id":2720,"date":"2010-05-28T16:15:32","date_gmt":"2010-05-28T15:15:32","guid":{"rendered":"http:\/\/heijbel.wordpress.com\/2010\/05\/28\/de-med-sarskilda-behov"},"modified":"2010-05-28T16:15:32","modified_gmt":"2010-05-28T15:15:32","slug":"de-med-sarskilda-behov","status":"publish","type":"post","link":"https:\/\/storytellers.se\/?p=2720","title":{"rendered":"De med s\u00e4rskilda behov"},"content":{"rendered":"<p>Vem \u00e4r inte funktionshindrad p\u00e5 ett eller annat s\u00e4tt? Det kan man kanske fr\u00e5ga sig. Hur som helst hade jag i dag en work shop med <strong>Iris Hadar<\/strong>, en del av det som f\u00f6rr kallades f\u00f6r <em>Synskadades Riksf\u00f6rbund<\/em>. De v\u00e4nder sig till myndigheter, organisationer och arbetsgivare som till och fr\u00e5n beh\u00f6ver st\u00f6d till personer med s\u00e4rskilda behov. Det \u00e4r just det Iris Hadar \u00e4r proffs p\u00e5.<br \/>\nI starkt emotionella m\u00e4nniskon\u00e4ra verksamheter som dessa finns en uppsj\u00f6 av fantastiska h\u00e4ndelsebaserade ber\u00e4ttelser.<br \/>\nMen stories finns f\u00f6rst\u00e5s i alla m\u00e4nskliga sammanhang &#8211; bara s\u00e5 du vet. Alla f\u00f6retag och organisationer \u00e4ger och b\u00e4r sin egen repertoar, hur &#8221;tr\u00e5kiga&#8221; verksamheterna \u00e4n kan verka vara. Ibland vet inte dessa &#8221;tr\u00e5kiga&#8221; vilket guld de har hos sig om de bara \u00f6ppnar \u00f6gonen och blir ber\u00e4ttande.<br \/>\nDenna storyrepertoar, som alla har, kan sk\u00f6rdas och s\u00e4ttas i arbete. Det \u00e4r det <em>Corporate Storytelling<\/em> handlar om i praktiken.<\/p>\n","protected":false},"excerpt":{"rendered":"<p>Vem \u00e4r inte funktionshindrad p\u00e5 ett eller annat s\u00e4tt? Det kan man kanske fr\u00e5ga sig. Hur som helst hade jag i dag en work shop med Iris Hadar, en del av det som f\u00f6rr kallades f\u00f6r Synskadades Riksf\u00f6rbund. De v\u00e4nder sig till myndigheter, organisationer och arbetsgivare som till och fr\u00e5n beh\u00f6ver st\u00f6d till personer med&#8230;<\/p>\n","protected":false},"author":2,"featured_media":0,"comment_status":"open","ping_status":"closed","sticky":false,"template":"","format":"standard","meta":[],"categories":[2],"tags":[],"_links":{"self":[{"href":"https:\/\/storytellers.se\/index.php?rest_route=\/wp\/v2\/posts\/2720"}],"collection":[{"href":"https:\/\/storytellers.se\/index.php?rest_route=\/wp\/v2\/posts"}],"about":[{"href":"https:\/\/storytellers.se\/index.php?rest_route=\/wp\/v2\/types\/post"}],"author":[{"embeddable":true,"href":"https:\/\/storytellers.se\/index.php?rest_route=\/wp\/v2\/users\/2"}],"replies":[{"embeddable":true,"href":"https:\/\/storytellers.se\/index.php?rest_route=%2Fwp%2Fv2%2Fcomments&post=2720"}],"version-history":[{"count":0,"href":"https:\/\/storytellers.se\/index.php?rest_route=\/wp\/v2\/posts\/2720\/revisions"}],"wp:attachment":[{"href":"https:\/\/storytellers.se\/index.php?rest_route=%2Fwp%2Fv2%2Fmedia&parent=2720"}],"wp:term":[{"taxonomy":"category","embeddable":true,"href":"https:\/\/storytellers.se\/index.php?rest_route=%2Fwp%2Fv2%2Fcategories&post=2720"},{"taxonomy":"post_tag","embeddable":true,"href":"https:\/\/storytellers.se\/index.php?rest_route=%2Fwp%2Fv2%2Ftags&post=2720"}],"curies":[{"name":"wp","href":"https:\/\/api.w.org\/{rel}","templated":true}]}}