{"id":2716,"date":"2010-05-25T19:57:50","date_gmt":"2010-05-25T18:57:50","guid":{"rendered":"http:\/\/heijbel.wordpress.com\/2010\/05\/25\/nyhetsbrev-54-frukostseminarium-2-juni"},"modified":"2010-05-25T19:57:50","modified_gmt":"2010-05-25T18:57:50","slug":"nyhetsbrev-54-frukostseminarium-2-juni","status":"publish","type":"post","link":"https:\/\/storytellers.se\/?p=2716","title":{"rendered":"Nyhetsbrev 54: Frukostseminarium 2 juni"},"content":{"rendered":"<p>N\u00e4rmare 2.700 prenumeranter har i dag f\u00e5tt Nyhetsbrev Nr 54 via mail. Vill du ocks\u00e5 ha det som mail n\u00e5gon g\u00e5ng i m\u00e5naden, gratis f\u00f6rst\u00e5s, s\u00e5 kan du anm\u00e4la dig till <a href=\"mailto:matts@storytellers.se\">matts@storytellers.se<\/a>. Du kan ocks\u00e5 l\u00e4sa Nr 54 genom att klicka p\u00e5 l\u00e4nken h\u00e4r under:<\/p>\n<p><!--more--><br \/>\nNyhetsbrev 54:<br \/>\nHej Storytellerv\u00e4n<br \/>\nDet h\u00e4r \u00e4r Nyhetsbrev 54 fr\u00e5n Storytellers.se d\u00e4r jag ber\u00e4ttar en del om vad som h\u00e4nt den senaste m\u00e5naden i storytellerv\u00e4rlden och hur mina storytellertankar och associationer har l\u00f6pt aprop\u00e5 mitt liv med Corporate Storytelling.<br \/>\nJag ska passa p\u00e5 att direkt s\u00e4ga att det finns platser kvar till mitt frukostseminarium p\u00e5 Hornsgatan vid Mariatorget i Stockholm den 2 juni d\u00e4r jag ocks\u00e5 s\u00e4ljer boken till nettopris. Mer om det och hur man anm\u00e4ler sig till frukostseminariet st\u00e5r att l\u00e4sa p\u00e5 www.storytellers.se<br \/>\nMen nu vad som h\u00e4nt sen sist.<br \/>\n+++++++++++++++++++++++++++++++++++++++++++++++++<br \/>\nEn stor sak har allts\u00e5 faktiskt intr\u00e4ffat som ang\u00e5r den som \u00e4r intresserad av de h\u00e4r fr\u00e5gorna. \u00c4ntligen har nu min bok Storytelling befolkar varum\u00e4rket kommit ut. Den ligger just nu som f\u00f6rsta rekommendation p\u00e5 Bokus avdelning f\u00f6r Ekonomi och Ledarskap och Bokus har den ocks\u00e5 med som \u201dEtt m\u00e5ste i allas bokhylla\u201d i sitt nyhetsbrev.<br \/>\nDet \u00e4r f\u00f6rst\u00e5s trevligt men jag \u00e4r inte f\u00f6rv\u00e5nad. \u00c4mnet \u00e4r n\u00e4mligen hett. Marknadsf\u00f6rbundets inspirationsmagasin Tendens Special har till exempel omslag plus 5 sidor i nummer 2\/2010.<br \/>\nVi har bara sett b\u00f6rjan \u00e4n s\u00e5 l\u00e4nge f\u00f6r det h\u00e4r med Corporate Storytelling. Jag \u00e4r \u00f6vertygad om att \u00e4mnet \u00e4r s\u00e5 viktigt och sp\u00e4nnande att praktiskt taget alla f\u00f6retag och organisationer kommer att f\u00f6rh\u00e5lla sig till ber\u00e4ttarkapitalet inom en snar framtid. Vi kommer snart att f\u00e5 kulturchefer som ansvarar f\u00f6r ber\u00e4ttarkapitalet i organisationskulturen och som kommer att veta hur man s\u00e4tter ber\u00e4ttelser i arbete p\u00e5 ett strategiskt klokt s\u00e4tt.<br \/>\nI boken, som \u00e4r mycket praktisk och hands on, visar jag bland annat den modell som jag har utvecklat under mina 10 \u00e5r som Corporate Storyteller. Jag presenterar mer \u00e4n 100 exempel p\u00e5 hur stories kan l\u00e5ta i praktiken och hur olika organisationer har t\u00e4nkt.<br \/>\nP\u00e5 www.storytellers.se kan du provl\u00e4sa boken via l\u00e4nk och d\u00e4r finns ocks\u00e5 n\u00e5gra l\u00e4nkar till internetbokhandlar f\u00f6r den som vill k\u00f6pa boken. Den \u00e4r skriven i jag-form och den \u00e4r oakademisk i sitt tonl\u00e4ge. Jag \u00e4r visserligen dubbel akademiker sj\u00e4lv men h\u00e4r har jag satt mig in i rollen som den som inte refererar till andra utan jag \u00e4r en person som visar utifr\u00e5n min egen l\u00e5nga erfarenhet hur man kan genomf\u00f6ra och processleda s\u00e5dant h\u00e4r. Jag g\u00f6r ju det hela tiden. Boken har i praktiken samma tonl\u00e4ge som r\u00e5der p\u00e5 www.storytellers.se<br \/>\n+++++++++++++++++++++++++++++++++++++++++++++++++<br \/>\nJag vet att storytelling kan vara en effektiv och framg\u00e5ngsrik metod n\u00e4r man marknadsf\u00f6r, rekryterar, organisationsutvecklar samt leder f\u00f6retag och organisationer. Jag har ocks\u00e5 m\u00e4rkt att de ber\u00e4ttelser som finns runt om i arbetslivet har starka emotionella och varf\u00f6r inte kulturella v\u00e4rden.<br \/>\nMan kan s\u00e4ga att de ber\u00e4ttelser som finns i de vanliga dramatikernas manus som framf\u00f6rs p\u00e5 scener och i litteraturen inte alltid \u00e4r s\u00e5 mycket annorlunda \u00e4n de ber\u00e4ttelser som finns i f\u00f6retag och organisationer d\u00e4r de flesta av oss tillbringar vardagen. F\u00f6retagskultur \u00e4r ur det perspektivet ocks\u00e5 kultur som visar gl\u00e4dje\u00e4mnen, sorg, l\u00e4ngtan och relationer. Gud, k\u00e4rleken och ruset finns \u00e4ven d\u00e4r.<br \/>\nD\u00e4rf\u00f6r har jag nu tillsammans med sk\u00e5despelerskan Gabriella Lockwall b\u00f6rjat skissa p\u00e5 att se om vi tillsammans kan f\u00f6ra upp Corporate Storytelling p\u00e5 scenen. Vi f\u00f6r en diskussion med varandra och med n\u00e5gra av Stockholms scener f\u00f6r att se om vi kan presentera storytelling i den h\u00e4r meningen p\u00e5 teaterscenen i Stockholm i h\u00f6st.<br \/>\nGabriella har en bred erfarenhet, bland annat i sina upps\u00e4ttningar kring Anita Lindblom och Ulla Billquist. Tillsammans ska vi se hur man kan l\u00e5ta min seminariekultur ( jag har framf\u00f6rt Corporate Stories till l\u00e5ngt \u00f6ver 10.000 m\u00e4nniskor ) m\u00f6ta hennes f\u00f6rest\u00e4llningskultur. Jag \u00e5terkommer till allt detta i kommande nyhetsbrev och p\u00e5 www.storytellers.se<br \/>\n+++++++++++++++++++++++++++++++++++++++++++++++++<br \/>\nJag reser med SJ s\u00e5 mycket jag kan. Jag \u00e4lskar att \u00e5ka t\u00e5g och att se landskapet passera utanf\u00f6r. Jag trivs med att arbeta medan jag susar fram i 200 km\/tim, helst bakl\u00e4nges. Jag f\u00f6rs\u00f6ker ocks\u00e5 mobilisera all denna gl\u00e4dje och sympati n\u00e4r jag tr\u00e4ffar personalen ombord. Ofta g\u00e5r det alldeles utm\u00e4rkt men ibland blir det bara f\u00f6r mycket. Som n\u00e4r jag nyligen \u00e5kte mellan G\u00f6teborg och Stockholm:<br \/>\nT\u00e5get hade just avg\u00e5tt och kondukt\u00f6ren kom genom f\u00f6rstaklassvagnen d\u00e4r jag satt inne i ett telefonsamtal d\u00e5 jag h\u00f6rde honom komma till passageraren bakom mig, en kvinna i yngre medel\u00e5ldern med cendr\u00e9f\u00e4rgat h\u00e5r som hade kommit inhastande i sista minuten.<br \/>\n\u2013 Kan jag f\u00e5 se p\u00e5 biljetten, sa kondukt\u00f6ren&#8230;<br \/>\nHan var l\u00e5ng, slank och m\u00f6rkh\u00e5rig, kanske i fyrtio\u00e5rs\u00e5ldern. Kl\u00e4dd i SJ:s m\u00f6rkbl\u00e5 kl\u00e4der.<br \/>\n\u2013 Tyv\u00e4rr har jag har bara min kod, sa kvinnan. Jag hann inte l\u00f6sa ut mina biljetter i morse. Dagis, stress och sista minuten du vet, men h\u00e4r \u00e4r min kod.<br \/>\nHon visade en utskrift av sin best\u00e4llning.<br \/>\n\u2013 Har du varit i G\u00f6teborg hela dagen utan att l\u00f6sa ut biljetterna, sa kondukt\u00f6ren. Att du inte hann i morse, kan jag m\u00f6jligen f\u00f6rst\u00e5. Men nu har det ju g\u00e5tt en hel dag d\u00e5 kan du inte skylla p\u00e5 att du inte hann.<br \/>\nHon suckade lite och sa:<br \/>\n\u2013 Det har varit fullt upp hela dan.<br \/>\n\u2013 Vad har du gjort d\u00e5, fr\u00e5gade kondukt\u00f6ren.<br \/>\n\u2013 Varit hos kund.<br \/>\n\u2013 Menar du att du varit hos kund en hel dag utan att kunna l\u00f6sa ut dina biljetter?<br \/>\n\u2013 Ja, kunden tog all tid och jag har ju biljettkoden h\u00e4r som visar att allt \u00e4r betalt och klart.<br \/>\nEn l\u00e5ng suck f\u00f6ljd av en konstpaus fr\u00e5n SJ-mannen f\u00f6rt\u00e4tade st\u00e4mningen.<br \/>\n\u2013 Vad d\u00e5 kund? Hur skulle det g\u00e5 om alla mina passagerare kom med koder i st\u00e4llet f\u00f6r med biljetter?<br \/>\n\u2013 Men jag har ju&#8230;..<br \/>\nP\u00e5 t\u00e5g har man biljett dundrade kondukt\u00f6ren, det vill jag att du ska l\u00e4ra dig till n\u00e4sta g\u00e5ng. S\u00e5 h\u00e4r kan man inte resa p\u00e5 SJ. Har du f\u00f6rst\u00e5tt det?<br \/>\n\u2013<br \/>\n\u2013 Ja&#8230;f\u00f6rl\u00e5t SJ, sa kvinnan.<br \/>\n+++++++++++++++++++++++++++++++++++++++++++++++++<br \/>\nJag som skriver det h\u00e4r nyhetsbrevet heter Matts Heijbel. Min ambition \u00e4r att detta ska vara den naturliga m\u00f6tesplatsen och kunskapsplatsen f\u00f6r Corporate Storytelling p\u00e5 svenska spr\u00e5ket.<br \/>\nDu som f\u00e5r brevet har bett om det eller skrivit upp dig p\u00e5 n\u00e5gon lista eller l\u00e4mnat ditt visitkort p\u00e5 n\u00e5got av mina seminarier. Vill du inte ha det l\u00e4ngre s\u00e5 \u00e4r det bara att v\u00e4nda det med ett: Nej tack, s\u00e5 plockar jag bort dig.<br \/>\nVill du att jag ska komma och f\u00f6rel\u00e4sa eller h\u00e5lla en workshop s\u00e5 \u00e4r det bara att maila mig p\u00e5 matts@storytellers.se s\u00e5 kan vi tala om saken.<br \/>\nCitera g\u00e4rna men ange d\u00e5 ocks\u00e5 k\u00e4llan.<br \/>\nStockholm \/ Gr\u00f6dinge 25 maj 2010<br \/>\nMatts Heijbel<\/p>\n","protected":false},"excerpt":{"rendered":"<p>N\u00e4rmare 2.700 prenumeranter har i dag f\u00e5tt Nyhetsbrev Nr 54 via mail. Vill du ocks\u00e5 ha det som mail n\u00e5gon g\u00e5ng i m\u00e5naden, gratis f\u00f6rst\u00e5s, s\u00e5 kan du anm\u00e4la dig till matts@storytellers.se. Du kan ocks\u00e5 l\u00e4sa Nr 54 genom att klicka p\u00e5 l\u00e4nken h\u00e4r under:<\/p>\n","protected":false},"author":2,"featured_media":0,"comment_status":"open","ping_status":"closed","sticky":false,"template":"","format":"standard","meta":[],"categories":[8],"tags":[],"_links":{"self":[{"href":"https:\/\/storytellers.se\/index.php?rest_route=\/wp\/v2\/posts\/2716"}],"collection":[{"href":"https:\/\/storytellers.se\/index.php?rest_route=\/wp\/v2\/posts"}],"about":[{"href":"https:\/\/storytellers.se\/index.php?rest_route=\/wp\/v2\/types\/post"}],"author":[{"embeddable":true,"href":"https:\/\/storytellers.se\/index.php?rest_route=\/wp\/v2\/users\/2"}],"replies":[{"embeddable":true,"href":"https:\/\/storytellers.se\/index.php?rest_route=%2Fwp%2Fv2%2Fcomments&post=2716"}],"version-history":[{"count":0,"href":"https:\/\/storytellers.se\/index.php?rest_route=\/wp\/v2\/posts\/2716\/revisions"}],"wp:attachment":[{"href":"https:\/\/storytellers.se\/index.php?rest_route=%2Fwp%2Fv2%2Fmedia&parent=2716"}],"wp:term":[{"taxonomy":"category","embeddable":true,"href":"https:\/\/storytellers.se\/index.php?rest_route=%2Fwp%2Fv2%2Fcategories&post=2716"},{"taxonomy":"post_tag","embeddable":true,"href":"https:\/\/storytellers.se\/index.php?rest_route=%2Fwp%2Fv2%2Ftags&post=2716"}],"curies":[{"name":"wp","href":"https:\/\/api.w.org\/{rel}","templated":true}]}}