{"id":2712,"date":"2010-05-25T10:16:55","date_gmt":"2010-05-25T09:16:55","guid":{"rendered":"http:\/\/heijbel.wordpress.com\/2010\/05\/25\/ett-maste-i-allas-bokhylla-sager-bokus"},"modified":"2010-05-25T10:16:55","modified_gmt":"2010-05-25T09:16:55","slug":"ett-maste-i-allas-bokhylla-sager-bokus","status":"publish","type":"post","link":"https:\/\/storytellers.se\/?p=2712","title":{"rendered":"Ett m\u00e5ste i allas bokhylla, s\u00e4ger Bokus"},"content":{"rendered":"<p>Bokus puffar nu gl\u00e4djande f\u00f6r min bok <em><strong>Storytelling befolkar varum\u00e4rket<\/strong><\/em> genom att l\u00e4gga den h\u00f6gst inom <em><strong>Ekonomi och Ledarskapssegmentet<\/strong><\/em>. Dessutom uppm\u00e4rksammar Bokus den i sitt nyhetsbrev under rubriken: <strong>Ett m\u00e5ste i allas bokhylla.<\/strong> S\u00e5 h\u00e4r skriver de bland annat:<br \/>\n<em>Ber\u00e4ttelser fr\u00e5n f\u00f6retag och organisationer \u00e4r viktiga verktyg f\u00f6r att n\u00e5 framg\u00e5ng. Med hj\u00e4lp av h\u00e4ndelsebaserat ber\u00e4ttande kan man locka till sig kunder, rekrytera r\u00e4tt medarbetare och h\u00f6ja motivationen i arbetet.<br \/>\nIngen svensk har som Matts Heijbel arbetat med corporate storytelling i praktiken.<\/em><br \/>\nDen finns hos <a href=\"http:\/\/www.bokus.com\/b\/9789197738293.html\"><em>Bokus<\/em><\/a> och <a href=\"http:\/\/www.adlibris.com\/se\/product.aspx?isbn=9789197738293\"><em>Adlibris<\/em><\/a>. Den finns ocks\u00e5 i Akademibokhandeln och hos m\u00e5nga andra bokhandlare. Vill du provl\u00e4sa n\u00e5gra sidor kan du g\u00f6ra det just nu. Det finns ett <a href=\"http:\/\/www.smakprov.se\/smakprov\/Storytelling-befolkar-varumarket-Matts-Heijbel_9789197738293\"><strong><em>smakprov h\u00e4r<\/em><\/strong><\/a>.<\/p>\n","protected":false},"excerpt":{"rendered":"<p>Bokus puffar nu gl\u00e4djande f\u00f6r min bok Storytelling befolkar varum\u00e4rket genom att l\u00e4gga den h\u00f6gst inom Ekonomi och Ledarskapssegmentet. Dessutom uppm\u00e4rksammar Bokus den i sitt nyhetsbrev under rubriken: Ett m\u00e5ste i allas bokhylla. S\u00e5 h\u00e4r skriver de bland annat: Ber\u00e4ttelser fr\u00e5n f\u00f6retag och organisationer \u00e4r viktiga verktyg f\u00f6r att n\u00e5 framg\u00e5ng. Med hj\u00e4lp av h\u00e4ndelsebaserat&#8230;<\/p>\n","protected":false},"author":2,"featured_media":0,"comment_status":"open","ping_status":"closed","sticky":false,"template":"","format":"standard","meta":[],"categories":[3],"tags":[],"_links":{"self":[{"href":"https:\/\/storytellers.se\/index.php?rest_route=\/wp\/v2\/posts\/2712"}],"collection":[{"href":"https:\/\/storytellers.se\/index.php?rest_route=\/wp\/v2\/posts"}],"about":[{"href":"https:\/\/storytellers.se\/index.php?rest_route=\/wp\/v2\/types\/post"}],"author":[{"embeddable":true,"href":"https:\/\/storytellers.se\/index.php?rest_route=\/wp\/v2\/users\/2"}],"replies":[{"embeddable":true,"href":"https:\/\/storytellers.se\/index.php?rest_route=%2Fwp%2Fv2%2Fcomments&post=2712"}],"version-history":[{"count":0,"href":"https:\/\/storytellers.se\/index.php?rest_route=\/wp\/v2\/posts\/2712\/revisions"}],"wp:attachment":[{"href":"https:\/\/storytellers.se\/index.php?rest_route=%2Fwp%2Fv2%2Fmedia&parent=2712"}],"wp:term":[{"taxonomy":"category","embeddable":true,"href":"https:\/\/storytellers.se\/index.php?rest_route=%2Fwp%2Fv2%2Fcategories&post=2712"},{"taxonomy":"post_tag","embeddable":true,"href":"https:\/\/storytellers.se\/index.php?rest_route=%2Fwp%2Fv2%2Ftags&post=2712"}],"curies":[{"name":"wp","href":"https:\/\/api.w.org\/{rel}","templated":true}]}}