{"id":2710,"date":"2010-05-21T13:32:50","date_gmt":"2010-05-21T12:32:50","guid":{"rendered":"http:\/\/heijbel.wordpress.com\/2010\/05\/21\/malmo-ar-bast"},"modified":"2010-05-21T13:32:50","modified_gmt":"2010-05-21T12:32:50","slug":"malmo-ar-bast","status":"publish","type":"post","link":"https:\/\/storytellers.se\/?p=2710","title":{"rendered":"Malm\u00f6 \u00e4r b\u00e4st"},"content":{"rendered":"<p>N\u00e4r jag f\u00f6rra \u00e5ret fick vara med och dra ig\u00e5ng storytellingarbetet inom ramen f\u00f6r <em>Engagemang f\u00f6r Malm\u00f6<\/em> anade jag inte vad processledaren <strong>Jalle Lorensson<\/strong> skulle komma att \u00e5stadkomma i f\u00f6rl\u00e4ngningen. Jag har utbildat och st\u00f6ttat honom och varit fj\u00e4rrcoach efter att jag hade givit n\u00e4rmare 100 frivilliga dialogledare bland cheferna den f\u00f6rsta storyduvningen. Men det \u00e4r Jalle som gjort det systematiska uth\u00e5lliga arbetet som nu \u00e4r p\u00e5 v\u00e4g att bli en unik succ\u00e9 i hela den kommunala organisationen.<br \/>\nTanken \u00e4r att ta fram nya unga Malm\u00f6s v\u00e4rdegrund <em>ur medarbetarna sj\u00e4lva<\/em> med hj\u00e4lp av sanna Malm\u00f6ber\u00e4ttelser &#8211; och detta fungerar.<br \/>\nJalle Lorensson har nu&#8230;<\/p>\n<p><!--more--><br \/>\n&#8230;haft alla Malm\u00f6s 1000 chefer p\u00e5 internat i omg\u00e5ngar och enligt alla rapporter jag f\u00e5r s\u00e5 jublar cheferna. M\u00e5nga g\u00e5r in med l\u00e5g f\u00f6rv\u00e4ntning men kommer ut stolta och glada med glada kroppsspr\u00e5k.<br \/>\nMalm\u00f6 har innan internaten filmat 15 stories ( digital stoytelling ) utvalda bland de 100 b\u00e4sta som i sin tur \u00e4r utvalda fr\u00e5n upp\u00e5t tusen sk\u00f6rdade i tidigare faser av processen.<br \/>\nDessa 15 filmer, h\u00e4mtade fr\u00e5n Malm\u00f6 Stadsverkligheten, har anv\u00e4nts f\u00f6r att visa cheferna exempel p\u00e5 vad Malm\u00f6 Stads anst\u00e4llda kan och vill. I grupper har cheferna sen f\u00e5tt v\u00e4lja ut de b\u00e4sta och s\u00e4tta egna v\u00e4rdeord p\u00e5 var kraften och gl\u00e4djen ligger i dessa Malm\u00f6stories.<br \/>\nCheferna f\u00e5r med sig dessa korta filmer p\u00e5 usb-minnen till sina f\u00f6rvaltningar och bolag d\u00e4r de tillsammans med sina egna medarbetare ser dem igen och l\u00e5ter medarbetarna \u00e5 sin sida ge dem v\u00e4rdeord, kanske som <em>mod, engagemang, \u00f6ppenhet, enkelhet.<\/em>&#8230;eller, vad vet jag?<br \/>\nArbetet i Malm\u00f6 g\u00e5r vidare och jag kan s\u00e4ga att ett mer fullfj\u00e4drat arbete med storytelling i v\u00e4rdegrundsarbetet har jag inte sett eller varit involverad i. Hade jag haft ett pris att dela ut s\u00e5 hade jag nog givit det till Jalle Lorensson och Malm\u00f6 Stad.<br \/>\nJag tror att processer som ska g\u00f6ra en organisation ber\u00e4ttande beh\u00f6ver motorer i form av processledare. Kanske har Malm\u00f6 Stad klokheten att utse Jalle Lorensson till chef f\u00f6r organisationskulturen och dess st\u00e4ndiga f\u00f6rnyelse i samklang med tiden n\u00e4r man nu kommit s\u00e5 l\u00e5ngt och dessutom f\u00e5tt alla gamla vanliga bromsare och skeptiker att \u00e4ndra mening.<br \/>\nMalm\u00f6 talar om sig sj\u00e4lv som en <em>Ung Stad<\/em> och en ung stad beh\u00f6ver sina unga ber\u00e4ttelser.<\/p>\n","protected":false},"excerpt":{"rendered":"<p>N\u00e4r jag f\u00f6rra \u00e5ret fick vara med och dra ig\u00e5ng storytellingarbetet inom ramen f\u00f6r Engagemang f\u00f6r Malm\u00f6 anade jag inte vad processledaren Jalle Lorensson skulle komma att \u00e5stadkomma i f\u00f6rl\u00e4ngningen. Jag har utbildat och st\u00f6ttat honom och varit fj\u00e4rrcoach efter att jag hade givit n\u00e4rmare 100 frivilliga dialogledare bland cheferna den f\u00f6rsta storyduvningen. Men det&#8230;<\/p>\n","protected":false},"author":2,"featured_media":0,"comment_status":"open","ping_status":"closed","sticky":false,"template":"","format":"standard","meta":[],"categories":[2],"tags":[],"_links":{"self":[{"href":"https:\/\/storytellers.se\/index.php?rest_route=\/wp\/v2\/posts\/2710"}],"collection":[{"href":"https:\/\/storytellers.se\/index.php?rest_route=\/wp\/v2\/posts"}],"about":[{"href":"https:\/\/storytellers.se\/index.php?rest_route=\/wp\/v2\/types\/post"}],"author":[{"embeddable":true,"href":"https:\/\/storytellers.se\/index.php?rest_route=\/wp\/v2\/users\/2"}],"replies":[{"embeddable":true,"href":"https:\/\/storytellers.se\/index.php?rest_route=%2Fwp%2Fv2%2Fcomments&post=2710"}],"version-history":[{"count":0,"href":"https:\/\/storytellers.se\/index.php?rest_route=\/wp\/v2\/posts\/2710\/revisions"}],"wp:attachment":[{"href":"https:\/\/storytellers.se\/index.php?rest_route=%2Fwp%2Fv2%2Fmedia&parent=2710"}],"wp:term":[{"taxonomy":"category","embeddable":true,"href":"https:\/\/storytellers.se\/index.php?rest_route=%2Fwp%2Fv2%2Fcategories&post=2710"},{"taxonomy":"post_tag","embeddable":true,"href":"https:\/\/storytellers.se\/index.php?rest_route=%2Fwp%2Fv2%2Ftags&post=2710"}],"curies":[{"name":"wp","href":"https:\/\/api.w.org\/{rel}","templated":true}]}}