{"id":2700,"date":"2010-05-06T12:43:38","date_gmt":"2010-05-06T11:43:38","guid":{"rendered":"http:\/\/heijbel.wordpress.com\/2010\/05\/06\/politiken-famlar-och-fumlar"},"modified":"2010-05-06T12:43:38","modified_gmt":"2010-05-06T11:43:38","slug":"politiken-famlar-och-fumlar","status":"publish","type":"post","link":"https:\/\/storytellers.se\/?p=2700","title":{"rendered":"Politiken famlar och fumlar"},"content":{"rendered":"<p>F\u00e5ngar inte partierna upp den kulturrevolution som de sociala medierna inneb\u00e4r s\u00e5 kan de snart p\u00e5minna om dem som envist k\u00f6rde h\u00e4stdroska n\u00e4r bilen redan fyllde gatorna. De \u00e4r stolta \u00f6ver sina egna partim\u00e4rkta bloggar men har inte tagit vara p\u00e5 m\u00f6jligheten att l\u00e5ta sig p\u00e5verkas av, och dela, den kunskap och det engagemang som v\u00e4ntar d\u00e4r ute i den <strong><em>sociala webben<\/em><\/strong>.<br \/>\nUngef\u00e4r s\u00e5 resonerar experten p\u00e5 sociala medier <strong>Brit Stakston<\/strong> fr\u00e5n <em>JMW Kommunikation<\/em> i en <a href=\"http:\/\/www.expressen.se\/debatt\/1.1976609\/brit-stakston-propaganda-skadar-de-sociala-medierna\"><strong><em>debattartikel i Expressen<\/em><\/strong><\/a> i g\u00e5r.<br \/>\n&#8221;<em>Partierna \u00e4r s\u00e5 gammelmodiga att det inte finns plats f\u00f6r det medinflytande som skulle kunna skapas av sociala medier<\/em>&#8221;, skriver hon.<br \/>\nUr ett storytellingperspektiv kan jag bara s\u00e4ga: <strong>Lyssna, delta, l\u00e4r, formulera och leverera<\/strong> de ber\u00e4ttelser som ber\u00e4ttar n\u00e5got viktigt om, i det h\u00e4r fallet, den politik man vill f\u00f6ra.<\/p>\n","protected":false},"excerpt":{"rendered":"<p>F\u00e5ngar inte partierna upp den kulturrevolution som de sociala medierna inneb\u00e4r s\u00e5 kan de snart p\u00e5minna om dem som envist k\u00f6rde h\u00e4stdroska n\u00e4r bilen redan fyllde gatorna. De \u00e4r stolta \u00f6ver sina egna partim\u00e4rkta bloggar men har inte tagit vara p\u00e5 m\u00f6jligheten att l\u00e5ta sig p\u00e5verkas av, och dela, den kunskap och det engagemang som&#8230;<\/p>\n","protected":false},"author":2,"featured_media":0,"comment_status":"open","ping_status":"closed","sticky":false,"template":"","format":"standard","meta":[],"categories":[2],"tags":[],"_links":{"self":[{"href":"https:\/\/storytellers.se\/index.php?rest_route=\/wp\/v2\/posts\/2700"}],"collection":[{"href":"https:\/\/storytellers.se\/index.php?rest_route=\/wp\/v2\/posts"}],"about":[{"href":"https:\/\/storytellers.se\/index.php?rest_route=\/wp\/v2\/types\/post"}],"author":[{"embeddable":true,"href":"https:\/\/storytellers.se\/index.php?rest_route=\/wp\/v2\/users\/2"}],"replies":[{"embeddable":true,"href":"https:\/\/storytellers.se\/index.php?rest_route=%2Fwp%2Fv2%2Fcomments&post=2700"}],"version-history":[{"count":0,"href":"https:\/\/storytellers.se\/index.php?rest_route=\/wp\/v2\/posts\/2700\/revisions"}],"wp:attachment":[{"href":"https:\/\/storytellers.se\/index.php?rest_route=%2Fwp%2Fv2%2Fmedia&parent=2700"}],"wp:term":[{"taxonomy":"category","embeddable":true,"href":"https:\/\/storytellers.se\/index.php?rest_route=%2Fwp%2Fv2%2Fcategories&post=2700"},{"taxonomy":"post_tag","embeddable":true,"href":"https:\/\/storytellers.se\/index.php?rest_route=%2Fwp%2Fv2%2Ftags&post=2700"}],"curies":[{"name":"wp","href":"https:\/\/api.w.org\/{rel}","templated":true}]}}