{"id":2694,"date":"2010-05-04T21:28:40","date_gmt":"2010-05-04T20:28:40","guid":{"rendered":"http:\/\/heijbel.wordpress.com\/2010\/05\/04\/boken-ar-tryckt-och-klar"},"modified":"2010-05-04T21:28:40","modified_gmt":"2010-05-04T20:28:40","slug":"boken-ar-tryckt-och-klar","status":"publish","type":"post","link":"https:\/\/storytellers.se\/?p=2694","title":{"rendered":"Boken \u00e4r tryckt och klar"},"content":{"rendered":"<p>Nu \u00e4r min nya bok, <strong><em>Storytelling befolkar varum\u00e4rket<\/em><\/strong>, klar. Den \u00e4r praktisk, skriven i jagform och har l\u00e5ngt \u00f6ver 100 stories fr\u00e5n mina mer \u00e4n 10 \u00e5r som Corporate Storyteller. Du kan best\u00e4lla den <a href=\"http:\/\/www.adlibris.com\/se\/product.aspx?isbn=9197738298\"><strong><em>h\u00e4r<\/em><\/strong><\/a>.<\/p>\n","protected":false},"excerpt":{"rendered":"<p>Nu \u00e4r min nya bok, Storytelling befolkar varum\u00e4rket, klar. Den \u00e4r praktisk, skriven i jagform och har l\u00e5ngt \u00f6ver 100 stories fr\u00e5n mina mer \u00e4n 10 \u00e5r som Corporate Storyteller. Du kan best\u00e4lla den h\u00e4r.<\/p>\n","protected":false},"author":2,"featured_media":0,"comment_status":"open","ping_status":"closed","sticky":false,"template":"","format":"standard","meta":[],"categories":[3],"tags":[],"_links":{"self":[{"href":"https:\/\/storytellers.se\/index.php?rest_route=\/wp\/v2\/posts\/2694"}],"collection":[{"href":"https:\/\/storytellers.se\/index.php?rest_route=\/wp\/v2\/posts"}],"about":[{"href":"https:\/\/storytellers.se\/index.php?rest_route=\/wp\/v2\/types\/post"}],"author":[{"embeddable":true,"href":"https:\/\/storytellers.se\/index.php?rest_route=\/wp\/v2\/users\/2"}],"replies":[{"embeddable":true,"href":"https:\/\/storytellers.se\/index.php?rest_route=%2Fwp%2Fv2%2Fcomments&post=2694"}],"version-history":[{"count":0,"href":"https:\/\/storytellers.se\/index.php?rest_route=\/wp\/v2\/posts\/2694\/revisions"}],"wp:attachment":[{"href":"https:\/\/storytellers.se\/index.php?rest_route=%2Fwp%2Fv2%2Fmedia&parent=2694"}],"wp:term":[{"taxonomy":"category","embeddable":true,"href":"https:\/\/storytellers.se\/index.php?rest_route=%2Fwp%2Fv2%2Fcategories&post=2694"},{"taxonomy":"post_tag","embeddable":true,"href":"https:\/\/storytellers.se\/index.php?rest_route=%2Fwp%2Fv2%2Ftags&post=2694"}],"curies":[{"name":"wp","href":"https:\/\/api.w.org\/{rel}","templated":true}]}}