{"id":2688,"date":"2010-04-29T23:14:23","date_gmt":"2010-04-29T22:14:23","guid":{"rendered":"http:\/\/heijbel.wordpress.com\/2010\/04\/29\/170-pa-seminarium"},"modified":"2010-04-29T23:14:23","modified_gmt":"2010-04-29T22:14:23","slug":"170-pa-seminarium","status":"publish","type":"post","link":"https:\/\/storytellers.se\/?p=2688","title":{"rendered":"170 p\u00e5 seminarium"},"content":{"rendered":"<p>I dag var jag med i en panel d\u00e4r cirka 170 bes\u00f6kare tr\u00e4ffades och diskuterade vid f d <em>Doktor Glas<\/em> i Kungstr\u00e4dg\u00e5rden och talade kultur och n\u00e4ringsliv med fokus p\u00e5 storytelling. F\u00f6r mig \u00e4r arbetslivet fyllt av kultur och emotionell kommunikation som kan f\u00e5ngas och anv\u00e4ndas i storytelling. Den kulturen vill jag finna, sk\u00f6rda och s\u00e4tta i arbete. Kanke ta \u00e4nda upp p\u00e5 teaterscenen.<\/p>\n","protected":false},"excerpt":{"rendered":"<p>I dag var jag med i en panel d\u00e4r cirka 170 bes\u00f6kare tr\u00e4ffades och diskuterade vid f d Doktor Glas i Kungstr\u00e4dg\u00e5rden och talade kultur och n\u00e4ringsliv med fokus p\u00e5 storytelling. F\u00f6r mig \u00e4r arbetslivet fyllt av kultur och emotionell kommunikation som kan f\u00e5ngas och anv\u00e4ndas i storytelling. Den kulturen vill jag finna, sk\u00f6rda och&#8230;<\/p>\n","protected":false},"author":2,"featured_media":0,"comment_status":"open","ping_status":"closed","sticky":false,"template":"","format":"standard","meta":[],"categories":[2],"tags":[],"_links":{"self":[{"href":"https:\/\/storytellers.se\/index.php?rest_route=\/wp\/v2\/posts\/2688"}],"collection":[{"href":"https:\/\/storytellers.se\/index.php?rest_route=\/wp\/v2\/posts"}],"about":[{"href":"https:\/\/storytellers.se\/index.php?rest_route=\/wp\/v2\/types\/post"}],"author":[{"embeddable":true,"href":"https:\/\/storytellers.se\/index.php?rest_route=\/wp\/v2\/users\/2"}],"replies":[{"embeddable":true,"href":"https:\/\/storytellers.se\/index.php?rest_route=%2Fwp%2Fv2%2Fcomments&post=2688"}],"version-history":[{"count":0,"href":"https:\/\/storytellers.se\/index.php?rest_route=\/wp\/v2\/posts\/2688\/revisions"}],"wp:attachment":[{"href":"https:\/\/storytellers.se\/index.php?rest_route=%2Fwp%2Fv2%2Fmedia&parent=2688"}],"wp:term":[{"taxonomy":"category","embeddable":true,"href":"https:\/\/storytellers.se\/index.php?rest_route=%2Fwp%2Fv2%2Fcategories&post=2688"},{"taxonomy":"post_tag","embeddable":true,"href":"https:\/\/storytellers.se\/index.php?rest_route=%2Fwp%2Fv2%2Ftags&post=2688"}],"curies":[{"name":"wp","href":"https:\/\/api.w.org\/{rel}","templated":true}]}}