{"id":2684,"date":"2010-04-26T14:08:55","date_gmt":"2010-04-26T13:08:55","guid":{"rendered":"http:\/\/heijbel.wordpress.com\/2010\/04\/26\/seminarium-i-f-d-dr-glas"},"modified":"2010-04-26T14:08:55","modified_gmt":"2010-04-26T13:08:55","slug":"seminarium-i-f-d-dr-glas","status":"publish","type":"post","link":"https:\/\/storytellers.se\/?p=2684","title":{"rendered":"Seminarium i f d Dr Glas"},"content":{"rendered":"<p>P\u00e5 torsdag den 29 april medverkar jag i ett storytellingseminarium i f d Dr Glas lokaler i Kungstr\u00e4dg\u00e5rden. L\u00e4s mer <a href=\"http:\/\/www.sostockholm.com\/motesplatssthlm\/\"><strong><em>h\u00e4r<\/em><\/strong><\/a>. M\u00f6tesplats Stockholm \u00e4r ett n\u00e4tverk med en serie m\u00f6ten mellan personer i n\u00e4ringslivet och personer som skapar kultur. Syftet med M\u00f6tesplats Stockholm \u00e4r att \u00f6ka f\u00f6rst\u00e5elsen av kultur hos n\u00e4ringslivet och vice versa, f\u00f6r att f\u00e5 ett mer integrerat samh\u00e4lle mellan n\u00e4ringsliv och kultur, en &#8221;n\u00e4ringskultur&#8221;, med start i Stockholm.<br \/>\nJag sitter i panelen tillsammans med <strong>Stefan Engeseth<\/strong>, f\u00f6rel\u00e4sare, kreativ t\u00e4nkare med v\u00e4lbes\u00f6kta bloggen Detective Marketing, <strong>Jerry Engstr\u00f6m<\/strong>, marknadschef Fj\u00e4llr\u00e4ven, <strong>Ewa Kumlin<\/strong>, VD Svensk Form och <strong>Susan Bolgar<\/strong>, strategisk r\u00e5dgivare Kultur &amp; N\u00e4ringsliv.<\/p>\n","protected":false},"excerpt":{"rendered":"<p>P\u00e5 torsdag den 29 april medverkar jag i ett storytellingseminarium i f d Dr Glas lokaler i Kungstr\u00e4dg\u00e5rden. L\u00e4s mer h\u00e4r. M\u00f6tesplats Stockholm \u00e4r ett n\u00e4tverk med en serie m\u00f6ten mellan personer i n\u00e4ringslivet och personer som skapar kultur. Syftet med M\u00f6tesplats Stockholm \u00e4r att \u00f6ka f\u00f6rst\u00e5elsen av kultur hos n\u00e4ringslivet och vice versa, f\u00f6r&#8230;<\/p>\n","protected":false},"author":2,"featured_media":0,"comment_status":"open","ping_status":"closed","sticky":false,"template":"","format":"standard","meta":[],"categories":[9],"tags":[],"_links":{"self":[{"href":"https:\/\/storytellers.se\/index.php?rest_route=\/wp\/v2\/posts\/2684"}],"collection":[{"href":"https:\/\/storytellers.se\/index.php?rest_route=\/wp\/v2\/posts"}],"about":[{"href":"https:\/\/storytellers.se\/index.php?rest_route=\/wp\/v2\/types\/post"}],"author":[{"embeddable":true,"href":"https:\/\/storytellers.se\/index.php?rest_route=\/wp\/v2\/users\/2"}],"replies":[{"embeddable":true,"href":"https:\/\/storytellers.se\/index.php?rest_route=%2Fwp%2Fv2%2Fcomments&post=2684"}],"version-history":[{"count":0,"href":"https:\/\/storytellers.se\/index.php?rest_route=\/wp\/v2\/posts\/2684\/revisions"}],"wp:attachment":[{"href":"https:\/\/storytellers.se\/index.php?rest_route=%2Fwp%2Fv2%2Fmedia&parent=2684"}],"wp:term":[{"taxonomy":"category","embeddable":true,"href":"https:\/\/storytellers.se\/index.php?rest_route=%2Fwp%2Fv2%2Fcategories&post=2684"},{"taxonomy":"post_tag","embeddable":true,"href":"https:\/\/storytellers.se\/index.php?rest_route=%2Fwp%2Fv2%2Ftags&post=2684"}],"curies":[{"name":"wp","href":"https:\/\/api.w.org\/{rel}","templated":true}]}}