{"id":2678,"date":"2010-04-22T12:22:00","date_gmt":"2010-04-22T11:22:00","guid":{"rendered":"http:\/\/heijbel.wordpress.com\/2010\/04\/22\/nyhetsbrev-53-gor-ratt-fran-borjan"},"modified":"2010-04-22T12:22:00","modified_gmt":"2010-04-22T11:22:00","slug":"nyhetsbrev-53-gor-ratt-fran-borjan","status":"publish","type":"post","link":"https:\/\/storytellers.se\/?p=2678","title":{"rendered":"Nyhetsbrev 53: G\u00f6r r\u00e4tt fr\u00e5n b\u00f6rjan!"},"content":{"rendered":"<p>Drygt 2600 prenumeranter f\u00e5r i dag detta, det 53e nyhetsbrevet fr\u00e5n storytellers.se. Vill du ocks\u00e5 ha det n\u00e5gon g\u00e5ng i m\u00e5naden, gratis f\u00f6rst\u00e5s, s\u00e5 kan du anm\u00e4la dig till <a href=\"mailto:matts@storytellers.se\">matts@storytellers.se<\/a> s\u00e5 l\u00e4gger jag dig i s\u00e4ndlistan. Det finns ocks\u00e5 om du klickar p\u00e5 l\u00e4nken h\u00e4r under.<\/p>\n<p><!--more--><br \/>\n<strong>Nyhetsbrev 53: G\u00f6r r\u00e4tt fr\u00e5n b\u00f6rjan!<\/strong><br \/>\nHej Storytellerv\u00e4n. S\u00e5 var det dags igen. H\u00e4r \u00e4r det 53e nyhetsbrevet fr\u00e5n Storytellers.se d\u00e4r jag behandlar lite av det som passerat min hj\u00e4rna och min blogg den senaste m\u00e5naden.<br \/>\nProduktstorytelling finns det m\u00e5nga exempel p\u00e5 b\u00e5de i det f\u00f6rflutna och nu. <em>Hewlett Packard, Nike, 3Ms<\/em> Postitlappar och kanske framf\u00f6r allt <em>Ikeas<\/em> stories av olika slag \u00e4r klassiker. N\u00e4r det g\u00e4ller Ikea finns ett starkt inslag av ledarskap och v\u00e4rderingar i storytellandet.<br \/>\nDet finns ocks\u00e5 sp\u00e4nnande ber\u00e4ttelser om <em>Dr Martensskorna<\/em>, som faktiskt b\u00f6rjade tillverka sina sulor fr\u00e5n restgummig i tyska Luftwaffe och som nu \u00e4r te p\u00e5 en sp\u00e4nnande varum\u00e4rkesrea i olika ungdomskulturer. Det finns <em>Pumastories <\/em>och ber\u00e4ttelser om <em>Adidas<\/em> och Adi Dassler som skickligt anv\u00e4nt storytelling f\u00f6r att visa spetskompetens och v\u00e4rderingar.<br \/>\nSen finns det f\u00f6rst\u00e5s m\u00e4ngder av sm\u00e5larviga men framg\u00e5ngsrika reklamsagor typ <em>Icastig<\/em> som n\u00e4r det h\u00e4r skrivs g\u00e5r p\u00e5 gym i rosa shorts f\u00f6r att den v\u00e4gen f\u00f6rs\u00f6ka s\u00e4lja h\u00e4lsosamma produkter via TV-reklamen. Det \u00e4r f\u00f6rst\u00e5s inte storytelling i min v\u00e4rld utan en ren reklamsaga liksom ber\u00e4ttelserna om <em>Teliafamiljen, BoxerRobert<\/em> och andra. Teliafamiljen skiljer kanske ut sig lite eftersom den verkar best\u00e5 av m\u00e4nniskor som p\u00e5minner om verkliga m\u00e4nniskor.<br \/>\n++++++++++++++++++++++++++++++++++++++++++++++++++++<br \/>\nDe s\u00e4ger alla att de h\u00e5ller p\u00e5 med storytelling men \u00e4mnet och verktyget \u00e4r mycket mer sp\u00e4nnande \u00e4n s\u00e5. Storytellingbergeppet har nu efter m\u00e5nga \u00e5r blivit spritt och det ges olka inneb\u00f6rder vilket jag m\u00e4rker n\u00e4r jag l\u00f6pande blir intervjuad av media och av uppsatsskrivande studenter fr\u00e5n Sverige och andra europeiska l\u00e4nder.<br \/>\nDet kanske mest sp\u00e4nnande som dyker upp n\u00e4r man talar om Corporate Storytelling 2010, tycker jag, \u00e4r organisationsutvecklingsperspektivet och byggandet av v\u00e4rdegrunder och varum\u00e4rken. Det \u00e4r faktiskt den vanligaste f\u00f6rfr\u00e5gan jag f\u00e5r f\u00f6r n\u00e4rvarande.<br \/>\nKan du hj\u00e4lpa oss att komma vidare i v\u00e4rdegrundsarbetet? Eller kanske de s\u00e4ger att de ska bygga en plattform f\u00f6r sitt varum\u00e4rke och undrar om de kan b\u00f6rja i medarbetarnas och intressenternas ber\u00e4ttelser. Det gillar jag. Det har jag verktyg f\u00f6r, d\u00e5 pratar vi verkligen om att mobilisera kulturkrafterna i organisationsutvecklingen.<br \/>\nInte produkt allts\u00e5, utan d\u00e5 handlar det mer att bygga vision och framtid med hj\u00e4lp av ber\u00e4ttarkapitalet. Att g\u00f6ra allt r\u00e4tt direkt och att kanske till och med regissera verkligheten s\u00e5 man f\u00e5r l\u00e4mpliga aff\u00e4rsdrivande h\u00e4ndelser att anv\u00e4nda i jakten p\u00e5 framg\u00e5ng.<br \/>\nJag tar upp en hel del av detta i min bok som nu \u00e4r p\u00e5 tryckeriet. Den heter <strong>Storytelling befolkar varum\u00e4rket<\/strong> och kommer d\u00e4rifr\u00e5n i m\u00e5nadsskiftet f\u00f6r att sen b\u00f6rja distribueras under maj m\u00e5nad till bokhandlare utmed gator och framf\u00f6rallt p\u00e5 n\u00e4tet.<br \/>\nDu, som nyhetsbrevsprenumerant, kan f\u00e5 ett ex till nettopris skickad direkt om n\u00e5gra veckor innan den ens finns ute i handeln. Maila i s\u00e5 fall <a href=\"mailto:matts@storytellers.se\">matts@storytellers.se<\/a> och ge din adress.<br \/>\nMen som sagt, stratgeisk storytelling kan ocks\u00e5 utveckla och bygga organisationskultur och framtid. <em>Shape the future<\/em>, kallar jag det och det ska jag \u00e4gna mer tid \u00e5t i n\u00e4sta bok som jag \u00e4nnu inte har b\u00f6rjat skriva annat \u00e4n i texterna p\u00e5 storytellers.se.<br \/>\n++++++++++++++++++++++++++++++++++++++++++++++++++++<br \/>\nN\u00e4r jag \u00e4r ute och talar med nyf\u00f6retagare fr\u00e5gar de ibland om hur tidigt man kan b\u00f6rja med storytelling. S\u00e5 fort f\u00f6rsta tanken \u00e4r t\u00e4nkt, s\u00e4ger jag d\u00e5, kan man b\u00f6rja med storytelling. Det g\u00e4ller sm\u00e5 f\u00f6retag och det g\u00e4ller vid avknoppningar, fusioner och f\u00f6rv\u00e4rv.<br \/>\nG\u00f6r r\u00e4tt fr\u00e5n b\u00f6rjan! Och kom ih\u00e5g att b\u00f6rjan intr\u00e4ffar g\u00e5ng p\u00e5 g\u00e5ng.<br \/>\nAtt inte anv\u00e4nda storytelling i organisationsutveckling \u00e4r ungef\u00e4r som att hugga av sig ena foten helt i on\u00f6dan innan man ger sig ut p\u00e5 vandringen i marknadsdjungeln.<br \/>\nBer\u00e4ttarkapitalet, satt i strategiskt arbete, \u00e4r f\u00f6rmodligen den enskilt st\u00f6rsta framg\u00e5ngsfaktorn f\u00f6r ledarskap och kommunikation i n\u00e4ringslivet och i organisationerna. Det beh\u00f6vs en emotionell kommunikation f\u00f6r att komplettera siffror, tabeller, regelverk och instruktioner.<br \/>\nM\u00e4nniskan \u00e4r en ber\u00e4ttande varelse som v\u00e4xer och utvecklas av ber\u00e4ttelser vlka ger henne en m\u00f6jlighet att vara den emotionella sort som hon skapats till \u2013 det g\u00e4ller f\u00f6rst\u00e5s ocks\u00e5 p\u00e5 jobbet och som konsument eller brukare.<br \/>\n++++++++++++++++++++++++++++++++++++++++++++++++++++<br \/>\nN\u00e4sta frukostseminarium i mina lokaler vid Mariatorget i Stockholm blir den 4 maj mellan 08.30 \u2013 10.30. Vill du vara med d\u00e4r s\u00e5 kan du anm\u00e4la dig till <a href=\"mailto:matts@storytellers.se\">matts@storytellers.se<\/a> s\u00e5 bekr\u00e4ftar jag om det finns plats. Jag debiterar 500 sek  moms.<br \/>\nInnan dess ska jag vara med den 29 april kl 17.30  i f d <em>Doktor Glas<\/em> i Kungstr\u00e4dg\u00e5rden. Har boken kommit till f\u00f6rlaget ( Blue ) d\u00e5 s\u00e5 tar jag med mig en bunt till f\u00f6rs\u00e4ljning.<br \/>\nTemat \u00e4r S<strong>torytelling och Storymaking<\/strong> och arrangeras av <em>Arbetsf\u00f6rmedlingen Kultur<\/em> tillsammans med <em>Maria Forss\u00e9n, So Stockholm<\/em>. Ut\u00f6ver mig kommer <strong>Stefan Engeseth, Jerry Bergstr\u00f6m<\/strong> fr\u00e5n <em>Fj\u00e4llr\u00e4ven<\/em>, <strong>Ewa Kumlin<\/strong>, VD <em>Svensk Form<\/em> och <strong>Susan Bolgar<\/strong>, strategisk r\u00e5dgivare.<br \/>\nJag \u00e4r \u00f6vertygad om att det blir bra och s\u00e5 vitt jag f\u00f6rst\u00e5r \u00e4r det fri entr\u00e9. Platsen \u00e4r nedanf\u00f6r kyrkan, Jussi Bj\u00f6rlings All\u00e9 5, inne i sj\u00e4lva Kungsan allts\u00e5. Mingel och dryck. Deras planering kr\u00e4ver anm\u00e4lan:<br \/>\nOSA: www.sostockholm.com\/motesplatssthlm\/<br \/>\n++++++++++++++++++++++++++++++++++++++++++++++++++++<br \/>\nDu f\u00e5r det h\u00e4r nyhetsbrevet f\u00f6r att du bett om det eller f\u00f6r att du varit p\u00e5 n\u00e5got av mina seminarier eller f\u00f6r att du har givit mig ditt visitkort.<br \/>\nJag som skriver heter Matts Heijbel. Jag driver storytellers.se-sajten sen b\u00f6rjan av 2000-talet.<br \/>\nOm du inte vill ha brevet mer s\u00e5 kan du v\u00e4nda det med ett nej tack s\u00e5 tar jag bort dig ur s\u00e4ndlistan.<br \/>\nCitera g\u00e4rna men ange d\u00e5 k\u00e4llan,<br \/>\nH\u00e4lsar<br \/>\n<strong>Matts Heijbel<\/strong><br \/>\nStockholm \/ Gr\u00f6dinge<br \/>\n22 april 2010<\/p>\n","protected":false},"excerpt":{"rendered":"<p>Drygt 2600 prenumeranter f\u00e5r i dag detta, det 53e nyhetsbrevet fr\u00e5n storytellers.se. Vill du ocks\u00e5 ha det n\u00e5gon g\u00e5ng i m\u00e5naden, gratis f\u00f6rst\u00e5s, s\u00e5 kan du anm\u00e4la dig till matts@storytellers.se s\u00e5 l\u00e4gger jag dig i s\u00e4ndlistan. Det finns ocks\u00e5 om du klickar p\u00e5 l\u00e4nken h\u00e4r under.<\/p>\n","protected":false},"author":2,"featured_media":0,"comment_status":"open","ping_status":"closed","sticky":false,"template":"","format":"standard","meta":[],"categories":[8],"tags":[],"_links":{"self":[{"href":"https:\/\/storytellers.se\/index.php?rest_route=\/wp\/v2\/posts\/2678"}],"collection":[{"href":"https:\/\/storytellers.se\/index.php?rest_route=\/wp\/v2\/posts"}],"about":[{"href":"https:\/\/storytellers.se\/index.php?rest_route=\/wp\/v2\/types\/post"}],"author":[{"embeddable":true,"href":"https:\/\/storytellers.se\/index.php?rest_route=\/wp\/v2\/users\/2"}],"replies":[{"embeddable":true,"href":"https:\/\/storytellers.se\/index.php?rest_route=%2Fwp%2Fv2%2Fcomments&post=2678"}],"version-history":[{"count":0,"href":"https:\/\/storytellers.se\/index.php?rest_route=\/wp\/v2\/posts\/2678\/revisions"}],"wp:attachment":[{"href":"https:\/\/storytellers.se\/index.php?rest_route=%2Fwp%2Fv2%2Fmedia&parent=2678"}],"wp:term":[{"taxonomy":"category","embeddable":true,"href":"https:\/\/storytellers.se\/index.php?rest_route=%2Fwp%2Fv2%2Fcategories&post=2678"},{"taxonomy":"post_tag","embeddable":true,"href":"https:\/\/storytellers.se\/index.php?rest_route=%2Fwp%2Fv2%2Ftags&post=2678"}],"curies":[{"name":"wp","href":"https:\/\/api.w.org\/{rel}","templated":true}]}}