{"id":2674,"date":"2010-04-16T12:39:07","date_gmt":"2010-04-16T11:39:07","guid":{"rendered":"http:\/\/heijbel.wordpress.com\/2010\/04\/16\/luftwaffegummi-blev-dr-martenssula"},"modified":"2010-04-16T12:39:07","modified_gmt":"2010-04-16T11:39:07","slug":"luftwaffegummi-blev-dr-martenssula","status":"publish","type":"post","link":"https:\/\/storytellers.se\/?p=2674","title":{"rendered":"Luftwaffegummi blev Dr Martenssula"},"content":{"rendered":"<p>Skom\u00e4rkena <em>Adidas<\/em> och <em>Puma<\/em> har stories som de anv\u00e4nder f\u00f6r att ladda sina varum\u00e4rken liksom <em>Birkenstock<\/em>. R\u00e4ttviseskorna <em>Blackspot<\/em> i hampa och sula av bild\u00e4ck ocks\u00e5. Ett skom\u00e4rke som just fyllt 50, <em>Dr Martens<\/em>, har det likas\u00e5. Men Dr Martensskorna \u00e4r egentligen 65 \u00e5r gamla. Det var n\u00e4mligen en nazil\u00e4kare, <strong>Herrn Doktor M\u00e4rthen<\/strong>, som skadade foten och d\u00e4rf\u00f6r skapade en fiffig sula av \u00f6verblivet gummi fr\u00e5n tyska <em>Luftwaffe<\/em> till k\u00e4ngan som senare utvecklades till en bekv\u00e4m arbetarsko.<br \/>\nSkon s\u00e5ldes senare till familjen <strong>Griggs<\/strong> i England som nu s\u00e5lt Dr Martens sen 50 \u00e5r. Med och utan st\u00e5lh\u00e4tta f\u00f6r arbetare och sparkande skinheads. Skon har gjort en m\u00e4rklig varum\u00e4rkesresa mellan skinheads, arbetare, punkare och ungdomar i st\u00f6rsta allm\u00e4nhet. Den har utvecklat en stark ungdomskulturens DNA, s\u00e4ger <strong>Martin Roach<\/strong> som skrivit en bok om Dr Martens. Om Dr Martens l\u00e4ser jag i <strong>Johannes Forssbergs<\/strong> utm\u00e4rkta <a href=\"http:\/\/www.expressen.se\/1.1950333\"><strong><em>artikel i Expressen<\/em><\/strong><\/a> f\u00f6r n\u00e5gra dagar sen.<\/p>\n","protected":false},"excerpt":{"rendered":"<p>Skom\u00e4rkena Adidas och Puma har stories som de anv\u00e4nder f\u00f6r att ladda sina varum\u00e4rken liksom Birkenstock. R\u00e4ttviseskorna Blackspot i hampa och sula av bild\u00e4ck ocks\u00e5. Ett skom\u00e4rke som just fyllt 50, Dr Martens, har det likas\u00e5. Men Dr Martensskorna \u00e4r egentligen 65 \u00e5r gamla. Det var n\u00e4mligen en nazil\u00e4kare, Herrn Doktor M\u00e4rthen, som skadade foten&#8230;<\/p>\n","protected":false},"author":2,"featured_media":0,"comment_status":"open","ping_status":"closed","sticky":false,"template":"","format":"standard","meta":[],"categories":[3],"tags":[],"_links":{"self":[{"href":"https:\/\/storytellers.se\/index.php?rest_route=\/wp\/v2\/posts\/2674"}],"collection":[{"href":"https:\/\/storytellers.se\/index.php?rest_route=\/wp\/v2\/posts"}],"about":[{"href":"https:\/\/storytellers.se\/index.php?rest_route=\/wp\/v2\/types\/post"}],"author":[{"embeddable":true,"href":"https:\/\/storytellers.se\/index.php?rest_route=\/wp\/v2\/users\/2"}],"replies":[{"embeddable":true,"href":"https:\/\/storytellers.se\/index.php?rest_route=%2Fwp%2Fv2%2Fcomments&post=2674"}],"version-history":[{"count":0,"href":"https:\/\/storytellers.se\/index.php?rest_route=\/wp\/v2\/posts\/2674\/revisions"}],"wp:attachment":[{"href":"https:\/\/storytellers.se\/index.php?rest_route=%2Fwp%2Fv2%2Fmedia&parent=2674"}],"wp:term":[{"taxonomy":"category","embeddable":true,"href":"https:\/\/storytellers.se\/index.php?rest_route=%2Fwp%2Fv2%2Fcategories&post=2674"},{"taxonomy":"post_tag","embeddable":true,"href":"https:\/\/storytellers.se\/index.php?rest_route=%2Fwp%2Fv2%2Ftags&post=2674"}],"curies":[{"name":"wp","href":"https:\/\/api.w.org\/{rel}","templated":true}]}}