{"id":2672,"date":"2010-04-14T14:55:44","date_gmt":"2010-04-14T13:55:44","guid":{"rendered":"http:\/\/heijbel.wordpress.com\/2010\/04\/14\/ostgota-mjolk-vann-pris"},"modified":"2010-04-14T14:55:44","modified_gmt":"2010-04-14T13:55:44","slug":"ostgota-mjolk-vann-pris","status":"publish","type":"post","link":"https:\/\/storytellers.se\/?p=2672","title":{"rendered":"\u00d6stg\u00f6ta Mj\u00f6lk vann pris"},"content":{"rendered":"<p>Ber\u00e4ttelserna p\u00e5 mj\u00f6lkpaketen bidrog till att <em><strong>\u00d6stg\u00f6ta Mj\u00f6lk<\/strong><\/em> tillsammans med <em><strong>Ola Lindgren Reklambyr\u00e5<\/strong><\/em> vann priset som \u00c5rets Marknadsf\u00f6rare i \u00d6sterg\u00f6tland. De g\u00e5r nu vidare till final vid <em>Tendensdagen<\/em> i Stockholm i h\u00f6st. \u00d6stg\u00f6ta Mj\u00f6lk och reklambyr\u00e5n vann bl a tack vare&#8230; <em>en ytterst professionell och jordn\u00e4ra framtoning<\/em>. Agdagalan arrangerades av Marknadsf\u00f6reningen i \u00d6sterg\u00f6tland, Mar\u00f6.<br \/>\nP\u00e5 drygt ett \u00e5r har \u00d6stg\u00f6ta Mj\u00f6lk, ett antal g\u00e5rdar i samverkan, tagit 15 procent av marknaden i \u00d6sterg\u00f6tland.<br \/>\nDen h\u00e4r ber\u00e4ttelsen l\u00e4ste jag h\u00e4romdagen p\u00e5 en av mj\u00f6lkf\u00f6rpackningarna n\u00e4r jag reste genom \u00d6stg\u00f6ta Mj\u00f6lklandet:<\/p>\n<p><!--more--><br \/>\n<u><strong><\/p>\n<blockquote><p>Vi bryr oss om v\u00e5ra kor<\/p><\/blockquote>\n<p><\/strong><\/u><br \/>\n<em>Hej! Jag heter <strong>Mats<\/strong> (portr\u00e4tterad) och \u00e4r kobonde p\u00e5 K\u00e4ttestad g\u00e5rd, tillsammans med min bror Niklas.<br \/>\nVi bryr oss om v\u00e5ra kor h\u00e4r p\u00e5 g\u00e5rden. F\u00f6r att vi vill, och f\u00f6r att det \u00e4r det vi lever av. Alla v\u00e5ra djur \u00e4r t ex l\u00f6sg\u00e5ende, \u00e5ret om. Det betyder att de r\u00f6r sig fritt i stallarna. Och s\u00e5 \u00e4r det p\u00e5 alla g\u00e5rdar som ing\u00e5r i \u00d6stg\u00f6ta Mj\u00f6lk. Hos oss kan kossorna l\u00e4gga sig och vila n\u00e4r de vill, eller klia sig p\u00e5 ryggen under kliborsten. Och det g\u00f6r de ofta, f\u00f6r det tycker de om.<br \/>\nN\u00e4r det \u00e4r dags f\u00f6r en ko att f\u00f6da, har vi ordnat en &#8221;BB-avdelning&#8221;, s\u00e5 att hon kan f\u00e5 lugn och ro att f\u00f6da och tid att \u00e5terh\u00e4mta sig. D\u00e5 m\u00e5r alla bra, kon, kalven och vi.<br \/>\n<strong>Mats Jonasson<\/strong>,<br \/>\nK\u00e4ttestad<\/em><\/p>\n","protected":false},"excerpt":{"rendered":"<p>Ber\u00e4ttelserna p\u00e5 mj\u00f6lkpaketen bidrog till att \u00d6stg\u00f6ta Mj\u00f6lk tillsammans med Ola Lindgren Reklambyr\u00e5 vann priset som \u00c5rets Marknadsf\u00f6rare i \u00d6sterg\u00f6tland. De g\u00e5r nu vidare till final vid Tendensdagen i Stockholm i h\u00f6st. \u00d6stg\u00f6ta Mj\u00f6lk och reklambyr\u00e5n vann bl a tack vare&#8230; en ytterst professionell och jordn\u00e4ra framtoning. Agdagalan arrangerades av Marknadsf\u00f6reningen i \u00d6sterg\u00f6tland, Mar\u00f6. P\u00e5&#8230;<\/p>\n","protected":false},"author":2,"featured_media":0,"comment_status":"open","ping_status":"closed","sticky":false,"template":"","format":"standard","meta":[],"categories":[4],"tags":[],"_links":{"self":[{"href":"https:\/\/storytellers.se\/index.php?rest_route=\/wp\/v2\/posts\/2672"}],"collection":[{"href":"https:\/\/storytellers.se\/index.php?rest_route=\/wp\/v2\/posts"}],"about":[{"href":"https:\/\/storytellers.se\/index.php?rest_route=\/wp\/v2\/types\/post"}],"author":[{"embeddable":true,"href":"https:\/\/storytellers.se\/index.php?rest_route=\/wp\/v2\/users\/2"}],"replies":[{"embeddable":true,"href":"https:\/\/storytellers.se\/index.php?rest_route=%2Fwp%2Fv2%2Fcomments&post=2672"}],"version-history":[{"count":0,"href":"https:\/\/storytellers.se\/index.php?rest_route=\/wp\/v2\/posts\/2672\/revisions"}],"wp:attachment":[{"href":"https:\/\/storytellers.se\/index.php?rest_route=%2Fwp%2Fv2%2Fmedia&parent=2672"}],"wp:term":[{"taxonomy":"category","embeddable":true,"href":"https:\/\/storytellers.se\/index.php?rest_route=%2Fwp%2Fv2%2Fcategories&post=2672"},{"taxonomy":"post_tag","embeddable":true,"href":"https:\/\/storytellers.se\/index.php?rest_route=%2Fwp%2Fv2%2Ftags&post=2672"}],"curies":[{"name":"wp","href":"https:\/\/api.w.org\/{rel}","templated":true}]}}