{"id":2664,"date":"2010-04-07T10:47:43","date_gmt":"2010-04-07T09:47:43","guid":{"rendered":"http:\/\/heijbel.wordpress.com\/2010\/04\/07\/allt-ratt-fran-borjan"},"modified":"2010-04-07T10:47:43","modified_gmt":"2010-04-07T09:47:43","slug":"allt-ratt-fran-borjan","status":"publish","type":"post","link":"https:\/\/storytellers.se\/?p=2664","title":{"rendered":"Allt r\u00e4tt fr\u00e5n b\u00f6rjan"},"content":{"rendered":"<p><strong>Fr\u00e5ga:<\/strong><br \/>\nN\u00e4r kan man, om man har en nystartad verksamhet, b\u00f6rja anv\u00e4nda storytelling i verksamheten?<br \/>\n<strong>Svar:<\/strong><br \/>\nRedan n\u00e4r det f\u00f6rsta t\u00e4ndande id\u00e9n till en ny verksamhet kommer s\u00e5 kan man b\u00f6rja sk\u00f6rda den f\u00f6rsta skapelseber\u00e4ttelsen. Denna f\u00f6rsta id\u00e9 g\u00e5r att f\u00f6rpacka som en eller flera stories som kan bidra till att utveckla organisationen och ge en nybyggaridentitet. Det \u00e4r inte alls s\u00e5 att man m\u00e5ste v\u00e4nta och se vad som h\u00e4nder f\u00f6r att sen ber\u00e4tta om vad som h\u00e4nt. I st\u00e4llet kan man&#8230;<\/p>\n<p><!--more--><br \/>\nt\u00e4nka att ber\u00e4ttelserna bygger kultur, historia och sj\u00e4lva verksamheten i dag och fram\u00f6ver. Ber\u00e4ttelserna g\u00e5r att exploatera f\u00f6r att styra verksamheten in mot framtiden genom att medvetet skapa bilder av framtiden.<br \/>\nDetta g\u00e4ller vid avknoppningar, sammanslagningar och f\u00f6rv\u00e4rv. Det g\u00e4ller i stora och sm\u00e5 verksamheter, allt fr\u00e5n internationella koncerner och organisationer till f\u00e5mansbolag eller nya myndigheter i Sverige.<br \/>\nD\u00e4r det finns m\u00e4nniskor d\u00e4r finns organisation, kultur och kompetens. Kulturen b\u00e4rs av ber\u00e4ttelser som har ett v\u00e4rde vilket \u00e4r grunden f\u00f6r <em>Corporate Storytelling<\/em>.<br \/>\nUr ett storytellingperspektiv kan man allts\u00e5 g\u00f6ra <strong><em>allt r\u00e4tt fr\u00e5n b\u00f6rjan<\/em><\/strong> om man l\u00e5ter ber\u00e4ttelser synligg\u00f6ra v\u00e4rderingar och bygga v\u00e4rdegrund ist\u00e4llet f\u00f6r att komma med v\u00e4rdeord och i efterhand leta ber\u00e4ttelser.<\/p>\n","protected":false},"excerpt":{"rendered":"<p>Fr\u00e5ga: N\u00e4r kan man, om man har en nystartad verksamhet, b\u00f6rja anv\u00e4nda storytelling i verksamheten? Svar: Redan n\u00e4r det f\u00f6rsta t\u00e4ndande id\u00e9n till en ny verksamhet kommer s\u00e5 kan man b\u00f6rja sk\u00f6rda den f\u00f6rsta skapelseber\u00e4ttelsen. Denna f\u00f6rsta id\u00e9 g\u00e5r att f\u00f6rpacka som en eller flera stories som kan bidra till att utveckla organisationen och ge&#8230;<\/p>\n","protected":false},"author":2,"featured_media":0,"comment_status":"open","ping_status":"closed","sticky":false,"template":"","format":"standard","meta":[],"categories":[6],"tags":[],"_links":{"self":[{"href":"https:\/\/storytellers.se\/index.php?rest_route=\/wp\/v2\/posts\/2664"}],"collection":[{"href":"https:\/\/storytellers.se\/index.php?rest_route=\/wp\/v2\/posts"}],"about":[{"href":"https:\/\/storytellers.se\/index.php?rest_route=\/wp\/v2\/types\/post"}],"author":[{"embeddable":true,"href":"https:\/\/storytellers.se\/index.php?rest_route=\/wp\/v2\/users\/2"}],"replies":[{"embeddable":true,"href":"https:\/\/storytellers.se\/index.php?rest_route=%2Fwp%2Fv2%2Fcomments&post=2664"}],"version-history":[{"count":0,"href":"https:\/\/storytellers.se\/index.php?rest_route=\/wp\/v2\/posts\/2664\/revisions"}],"wp:attachment":[{"href":"https:\/\/storytellers.se\/index.php?rest_route=%2Fwp%2Fv2%2Fmedia&parent=2664"}],"wp:term":[{"taxonomy":"category","embeddable":true,"href":"https:\/\/storytellers.se\/index.php?rest_route=%2Fwp%2Fv2%2Fcategories&post=2664"},{"taxonomy":"post_tag","embeddable":true,"href":"https:\/\/storytellers.se\/index.php?rest_route=%2Fwp%2Fv2%2Ftags&post=2664"}],"curies":[{"name":"wp","href":"https:\/\/api.w.org\/{rel}","templated":true}]}}