{"id":2656,"date":"2010-03-23T11:37:21","date_gmt":"2010-03-23T10:37:21","guid":{"rendered":"http:\/\/heijbel.wordpress.com\/2010\/03\/23\/i-forskolan"},"modified":"2010-03-23T11:37:21","modified_gmt":"2010-03-23T10:37:21","slug":"i-forskolan","status":"publish","type":"post","link":"https:\/\/storytellers.se\/?p=2656","title":{"rendered":"I f\u00f6rskolan"},"content":{"rendered":"<p>Jag har haft mycket med f\u00f6rskolan att g\u00f6ra som sk\u00f6rdeman i storytellingv\u00e4rlden. Det finns f\u00f6rst\u00e5s en uppsj\u00f6 av ber\u00e4ttelser i alla de m\u00e4nniskom\u00f6ten som f\u00f6rskolan st\u00e4ndigt erbjuder. Jag h\u00f6rde just om en f\u00f6rskola i <strong>Bagarmossen<\/strong> i s\u00f6dra Stockholm d\u00e4r f\u00f6r\u00e4ldrar har v\u00e4ldigt olika bakgrund. F\u00f6r\u00e4ldrarna ber\u00e4ttar f\u00f6r l\u00e4rarna om lekar, h\u00e4ndelser och annat intressant fr\u00e5n barndomen och l\u00e4mnar lite bilder fr\u00e5n sin uppv\u00e4xt. Sedan g\u00f6r l\u00e4rarna en presentation tillsammans med barnet f\u00f6r resten av barngruppen och ber\u00e4ttar om f\u00f6r\u00e4ldrarnas uppv\u00e4xt och barndom. Dessa ber\u00e4ttelser har kommit att betyda mycket f\u00f6r barnens identitet och det har dessutom n\u00e4rmat f\u00f6r\u00e4ldrar och personal till varandra.<br \/>\nEtt annat exempel kommer fr\u00e5n <strong>Hammarby Sj\u00f6stad<\/strong> och handlar om att personalen levererar veckans anekdotiska ber\u00e4ttelse till f\u00f6r\u00e4ldrarna, n\u00e5got som blivit s\u00e5 uppskattat att det nu sprider sig ocks\u00e5 till andra f\u00f6rskolor. S\u00e5 enkelt kan det vara. F\u00f6rskoll\u00e4rarna i Hammarby Sj\u00f6stad fick id\u00e9n efter att ha varit p\u00e5 en mina workshops. Ber\u00e4tta, s\u00e4ger jag. Det f\u00f6der en stark energi och social gemenskap. Ber\u00e4ttelserna finns redan d\u00e4r och v\u00e4ntar p\u00e5 att bli sk\u00f6rdade. T\u00e4nk helt enkelt p\u00e5 att fokusera och sen beskriva en specifik h\u00e4ndelse och l\u00e5t lyssnaren \/ l\u00e4saren f\u00f6rst\u00e5 resten sj\u00e4lv.<\/p>\n","protected":false},"excerpt":{"rendered":"<p>Jag har haft mycket med f\u00f6rskolan att g\u00f6ra som sk\u00f6rdeman i storytellingv\u00e4rlden. Det finns f\u00f6rst\u00e5s en uppsj\u00f6 av ber\u00e4ttelser i alla de m\u00e4nniskom\u00f6ten som f\u00f6rskolan st\u00e4ndigt erbjuder. Jag h\u00f6rde just om en f\u00f6rskola i Bagarmossen i s\u00f6dra Stockholm d\u00e4r f\u00f6r\u00e4ldrar har v\u00e4ldigt olika bakgrund. F\u00f6r\u00e4ldrarna ber\u00e4ttar f\u00f6r l\u00e4rarna om lekar, h\u00e4ndelser och annat intressant fr\u00e5n&#8230;<\/p>\n","protected":false},"author":2,"featured_media":0,"comment_status":"open","ping_status":"closed","sticky":false,"template":"","format":"standard","meta":[],"categories":[2],"tags":[],"_links":{"self":[{"href":"https:\/\/storytellers.se\/index.php?rest_route=\/wp\/v2\/posts\/2656"}],"collection":[{"href":"https:\/\/storytellers.se\/index.php?rest_route=\/wp\/v2\/posts"}],"about":[{"href":"https:\/\/storytellers.se\/index.php?rest_route=\/wp\/v2\/types\/post"}],"author":[{"embeddable":true,"href":"https:\/\/storytellers.se\/index.php?rest_route=\/wp\/v2\/users\/2"}],"replies":[{"embeddable":true,"href":"https:\/\/storytellers.se\/index.php?rest_route=%2Fwp%2Fv2%2Fcomments&post=2656"}],"version-history":[{"count":0,"href":"https:\/\/storytellers.se\/index.php?rest_route=\/wp\/v2\/posts\/2656\/revisions"}],"wp:attachment":[{"href":"https:\/\/storytellers.se\/index.php?rest_route=%2Fwp%2Fv2%2Fmedia&parent=2656"}],"wp:term":[{"taxonomy":"category","embeddable":true,"href":"https:\/\/storytellers.se\/index.php?rest_route=%2Fwp%2Fv2%2Fcategories&post=2656"},{"taxonomy":"post_tag","embeddable":true,"href":"https:\/\/storytellers.se\/index.php?rest_route=%2Fwp%2Fv2%2Ftags&post=2656"}],"curies":[{"name":"wp","href":"https:\/\/api.w.org\/{rel}","templated":true}]}}