{"id":2650,"date":"2010-03-18T16:00:32","date_gmt":"2010-03-18T15:00:32","guid":{"rendered":"http:\/\/heijbel.wordpress.com\/2010\/03\/18\/nyhetsbrev-52-vem-blir-bill-nr-3"},"modified":"2010-03-18T16:00:32","modified_gmt":"2010-03-18T15:00:32","slug":"nyhetsbrev-52-vem-blir-bill-nr-3","status":"publish","type":"post","link":"https:\/\/storytellers.se\/?p=2650","title":{"rendered":"Nyhetsbrev 52: Vem blir Bill Nr 3?"},"content":{"rendered":"<p>I dag har nyhetsbrev 52 g\u00e5tt fr\u00e5n storytellers till cirka 2.650 prenumeranter. Vill du l\u00e4sa det h\u00e4r s\u00e5 klicka p\u00e5 l\u00e4nken h\u00e4r under. Vill du ocks\u00e5 bli prenumerant, sj\u00e4lvklart gratis, s\u00e5 anm\u00e4l dig h\u00e4r <a href=\"mailto:info@storytellers.se\">info@storytellers.se<\/a><\/p>\n<p><!--more--><br \/>\nNyhetsbrev 52<br \/>\nSv\u00e5rl\u00e4st? G\u00e5 till: www.storytellers.se<br \/>\nHej Storytellerv\u00e4n<br \/>\nS\u00e5 var det dags f\u00f6r ett nyhetsbrev igen. H\u00e4r tar jag upp lite av vad som h\u00e4nt den senaste m\u00e5naden i storytellingv\u00e4rlden och p\u00e5 storytellers.se n\u00e4r det g\u00e4ller f\u00f6retag och organisationer. En del av det jag tar upp h\u00e4r finns ocks\u00e5 i f\u00f6rdjupad form p\u00e5 storytellers.se. I slutet av brevet kommer n\u00e5gra rader om kommande utbildningar och seminarier. Jag hoppas kunna finna intresserade inte bara i Stockholm utan ocks\u00e5 i Malm\u00f6\/Lund och G\u00f6teborg. Men mer om det i slutet av brevet.<br \/>\n+++++++++++++++++++++++++++++++++++++++++++++++++++++++++<br \/>\nJag har l\u00f6pande kontakter med kommuner som p\u00e5 olika s\u00e4tt vill ha tips om hur de ska kunna anv\u00e4nda storytelling i sin organisationsutveckling, sin bes\u00f6ksn\u00e4ring eller i utvecklingen av sitt varum\u00e4rke och sitt l\u00f6fte till medborgarna. Ofta vill de d\u00e5 ber\u00e4tta om vilka k\u00e4nda personer som g\u00e5r att koppla till just deras plats p\u00e5 jorden.<br \/>\nD\u00e5 kommer jag att t\u00e4nka p\u00e5 m\u00e4nnen vid namn Bill i Seattle som jag l\u00e4ste om i en rapport fr\u00e5n Sweco Eurofutures.<br \/>\nBill nummer ett hette Bill Boeing. Han kom till Seattle som skogshuggare p\u00e5 20-talet. P\u00e5 fritiden b\u00f6rjade han bygga flygplan i tr\u00e4 och hans hobby v\u00e4xte sig s\u00e5 stark att hans plan blev allt mer avancerade.<br \/>\nI dag oms\u00e4tter Boeing miljarder och \u00e4r v\u00e4rldsk\u00e4nt f\u00f6retag tack vare sina passagerarflygplan som ytterst kommer fr\u00e5n Bill i Seattle. M\u00e5nga av oss har rest i Bills plan.<br \/>\nSeattles Bill nummer tv\u00e5 heter Gates i efternamn. Tillsammans med n\u00e5gra kamrater startade han Microsoft Corporation i s\u00f6dra USA 1975. Men Bills mamma tyckte pojken skulle flytta hem till vackra Seattle med sin lilla firma.<br \/>\nI dag styrs hela Microsoft fr\u00e5n huvudkontoret i Seattle vilket f\u00f6rst\u00e5s betyder v\u00e4ldigt mycket f\u00f6r regionen p\u00e5 m\u00e5nga olika s\u00e4tt. M\u00e5nga av oss har anv\u00e4nt Microsofts produkter.<br \/>\nVad spanar man efter nu d\u00e5? I Seattle?<br \/>\nJust det, efter Bill nummer tre. Vem \u00e4r det? Oavsett namn och k\u00f6n p\u00e5 n\u00e4sta Bill s\u00e5 fr\u00e5gar de sig d\u00e4rf\u00f6r: Who will be our next Bill.<br \/>\n+++++++++++++++++++++++++++++++++++++++++++++++++++++++++<br \/>\nDet \u00e4r en trevlig ber\u00e4ttelse om platser p\u00e5 jorden som tar vara p\u00e5 sina hj\u00e4ltar. Men just fr\u00e5gan Who will be next s\u00e4tter fingret p\u00e5 en viktig tanke i dessa sammanhang. Det \u00e4r viktigt att ha blicken v\u00e4nd fram\u00e5t. Allt stort var litet i b\u00f6rjan. N\u00e5gonstans alldeles intill oss spirar n\u00e5got som kan komma att bli morgondagens framg\u00e5ngsverksamhet.<br \/>\nAllt f\u00f6r ofta \u00e4r m\u00e5nga vilse i museet och tycker att allt det gamla fr\u00e5n f\u00f6rr klingar b\u00e4ttre. Man v\u00e4nder sig om och ser vad som h\u00e4nt och vad man har gjort. Kanske gl\u00f6mmer man fr\u00e5gan: Vad ska vi g\u00f6ra? Man tycker oreflekterat att storytelling ska handla om det f\u00f6rflutna. Tokigt nog.<br \/>\nIbland klagar dessutom de \u00e4ldre p\u00e5 ungdomen och s\u00e4ger att de unga inte \u00e4r intresserade av det gemensamma arvet. De yngsta i hembygdsf\u00f6reningen \u00e4r ju kanske n\u00e4ra 60.<br \/>\n\u00c4r ni intresserade av vad ungdomen g\u00f6r d\u00e5, brukar jag d\u00e5 kontra. Ett \u00e4r n\u00e4mligen s\u00e4kert, det \u00e4r de som tar \u00f6ver efter oss en dag och f\u00f6r samh\u00e4llet vidare. De \u00e4r de som best\u00e4mmer n\u00e4r deras f\u00f6r\u00e4ldrar \u00e4r borta. Det \u00e4r de som har svaren p\u00e5 morgondagens fr\u00e5gor.<br \/>\n+++++++++++++++++++++++++++++++++++++++++++++++++++++++++<br \/>\nI dag diskuterade jag stories med ledningen f\u00f6r en kommunal skola med n\u00e4rmare 700 elever. F\u00f6rutom att sk\u00f6rda ber\u00e4ttelser fr\u00e5n medarbetarna t\u00e4nkte vi involvera bland annat f\u00f6r\u00e4ldrarna och grannarna. Men det var ocks\u00e5 viktigt att betona att eleverna, forts\u00e4ttarna, redan b\u00e4r p\u00e5 dagens och kanske morgondagens ber\u00e4ttelser om denna skola och vad som h\u00e4nder d\u00e4r.<br \/>\nDen h\u00e4r skolan ska d\u00e4rf\u00f6r i sitt arbete med varum\u00e4rkesbyggande och organisationsutveckling sk\u00f6rda ber\u00e4ttelser ocks\u00e5 i klassrummen bland barnen och ungdomarna f\u00f6r att ladda skolans varum\u00e4rke med stories om h\u00e4ndelser som visar vad denna skola kan, vill och st\u00e5r f\u00f6r.<br \/>\nFramtiden finns redan runt omkring oss och ur ett storytellingperspektiv \u00e4r det viktigt att hitta dessa visionsber\u00e4ttelser n\u00e4r vi tar oss vidare in i framtiden. Jag jobbar d\u00e4rf\u00f6r alltid med tidsaxeln: D\u00e5, nu och sen.<br \/>\nRektorn i skolan sa att hon g\u00e4rna vill ha bra och sanna svar om en journalist ringer och fr\u00e5gar vad de exempelvis g\u00f6r f\u00f6r att f\u00f6rhindra mobbing p\u00e5 skolan. Hon ville d\u00e5 inte bara svara att de f\u00f6ljer skollagen och att de har styrdokument att h\u00e5lla sig till.<br \/>\nD\u00e5 \u00e4r det storyl\u00e4ge. I st\u00e4llet f\u00f6r att tala om styrdokument skulle hon kunna utg\u00e5 fr\u00e5n en sann ber\u00e4ttelse om en h\u00e4ndelse som visar hur de agerar n\u00e4r mobbning blir synlig i organisationen bland elever och bland personal. Hon skulle kunna svara med en ber\u00e4ttelse h\u00e4mtad fr\u00e5n verkligheten. Vi ska d\u00e4rf\u00f6r nu b\u00f6rja s\u00f6ka, sk\u00f6rda och bygga en repertoar med svar p\u00e5 fr\u00e5gor som dessa och m\u00e5nga andra fr\u00e5gor ocks\u00e5 f\u00f6rst\u00e5s.<br \/>\n+++++++++++++++++++++++++++++++++++++++++++++++++++++++++<br \/>\nJag har ocks\u00e5 diskuterat i Stockholm med en innerstadsf\u00f6rsamling inom Svenska Kyrkan. D\u00e4r vill pr\u00e4sten utifr\u00e5n perspektivet Kyrkan mitt i byn samla m\u00e4nniskor fr\u00e5n olika f\u00f6reningar och f\u00f6retag och organisationer f\u00f6r att med storytellingmetodiken s\u00f6ka och sk\u00f6rda gemensamma ber\u00e4ttelser om denna plats p\u00e5 jorden. I en storstad skulle en f\u00f6rsamling kunna bygga en egen bygemenskap och m\u00f6tas kring gemensamma v\u00e4rden. Platsen kan mycket v\u00e4l 20101 vara i kyrkan eller f\u00f6rsamlingshemmet.<br \/>\nVi talade d\u00e4rf\u00f6r i termer av kyrkbacksm\u00f6ten med storytelling. Med ordet kyrkbacken syftade vi p\u00e5 gamla tiders umg\u00e4nge och m\u00f6ten som ofta h\u00f6lls p\u00e5 kyrkbacken efter gudstj\u00e4nsten. Nu skissar vi allts\u00e5 p\u00e5 en modell som str\u00e4cker handen bak\u00e5t, in i nuet och som s\u00f6ker och finner bilder av framtiden som g\u00f6r att vi kan f\u00f6rh\u00e5lla oss till varandra \u201di byn\u201d.<br \/>\n+++++++++++++++++++++++++++++++++++++++++++++++++++++++++<br \/>\nManuskriptet till min bok \u201dStorytelling befolkar varum\u00e4rket\u201d \u00e4r snart klart och boken ska vara ute innan sommaren. Jag kommer i samband med tryckningen att erbjuda dig som prenumererar p\u00e5 nyhetsbrevet m\u00f6jligheten att f\u00e5 k\u00f6pa boken billigt innan den ens \u00e4r ute i handeln. Det g\u00e5r bra att anm\u00e4la f\u00f6rhandsintresse till info@storytellers.se om du vill.<br \/>\nI boken har jag bland annat beskrivit vad jag kallar Heijbelmodellen. Det vill s\u00e4ga den arbetsmetod som jag utvecklat under 2000-talet f\u00f6r att s\u00f6ka, finna, sk\u00f6rda och s\u00e4tta f\u00f6retagets och organisationens kulturkapital i arbete.<br \/>\nDet kan verka lite pretenti\u00f6st att kalla modellen efter mitt namn. Men anledningen \u00e4r alla 10.000-tals m\u00e4nniskor som varit p\u00e5 mina seminarier och f\u00f6rel\u00e4sningar och kanske 100 f\u00f6retag och organisationer som p\u00e5 olika s\u00e4tt redan provat modellen p\u00e5 ett eller annat s\u00e4tt tillsammans med mig.<br \/>\nJag beh\u00f6ver nu skilja ut min bild av storytellingen fr\u00e5n andras bilder som rymmer p\u00e5hittade scenarieber\u00e4ttelser, reklamsagor och vanligt artistiskt kulturber\u00e4ttande. Det handlar inte om b\u00e4ttre eller s\u00e4mre bara olika.<br \/>\nMin modell, som utg\u00e5r fr\u00e5n sanna h\u00e4ndelser, har man f\u00f6r att ladda varum\u00e4rken, rekrytera folk, addera merv\u00e4rden till varor och tj\u00e4nster och f\u00f6r att utveckla organisation och ledarskap. Allt detta \u00e4r m\u00f6jligt beroende p\u00e5 hur man st\u00e4ller in detta fantastiska ber\u00e4ttarverktyg. Ber\u00e4ttelserna finns n\u00e4mligen redan i stor utstr\u00e4ckning och om de inte finns kan man hj\u00e4lp av metoden regissera sin verklighet och f\u00e5 anv\u00e4ndbara ber\u00e4ttelser av bara farten.<br \/>\n+++++++++++++++++++++++++++++++++++++++++++++++++++++++++<br \/>\nF\u00e5r jag ihop tillr\u00e4ckligt m\u00e5nga intresserade kommer jag i april att h\u00e5lla en tv\u00e5stegsutbildning om storytelling i Malm\u00f6. Jag h\u00e5ller ocks\u00e5 p\u00e5 att sondera G\u00f6teborg. Antingen en inspirationsf\u00f6rel\u00e4sning vid ett tillf\u00e4lle eller en tv\u00e5stegs d\u00e4r ocks\u00e5. I Stockholm \u00e4r n\u00e4sta frukostseminarium den 8 april och jag har en v\u00e4ntelista p\u00e5 en 3&#215;3 timmars utbildning. Mer om detta hittar du p\u00e5 www.storytellers.se<br \/>\n+++++++++++++++++++++++++++++++++++++++++++++++++++++++++<br \/>\nDu som f\u00e5r detta nyhetsbrev f\u00e5r det f\u00f6r att du bett om det eller tackat ja till att bli inlagd p\u00e5 listan i samband med n\u00e5got av mina seminarier eller n\u00e5gon av mina kurser.<br \/>\nJag som skriver det och ansvarar f\u00f6r \u00f6ver 1000 texter p\u00e5 stortellers.se heter Matts Heijbel. Jag \u00e4r en f\u00f6rfattare och journalist med socialantropologisk bakgrund och jag har arbetat helt med storytelling i och om organisationer i tio \u00e5rs tid nu.<br \/>\nCitera g\u00e4rna ur brevet eller webbplatsen men ange d\u00e5 k\u00e4llan,<br \/>\nH\u00e4lsar<br \/>\nMatts Heijbel<br \/>\nStockholm \/ Gr\u00f6dinge 18 mars 2010<\/p>\n","protected":false},"excerpt":{"rendered":"<p>I dag har nyhetsbrev 52 g\u00e5tt fr\u00e5n storytellers till cirka 2.650 prenumeranter. Vill du l\u00e4sa det h\u00e4r s\u00e5 klicka p\u00e5 l\u00e4nken h\u00e4r under. Vill du ocks\u00e5 bli prenumerant, sj\u00e4lvklart gratis, s\u00e5 anm\u00e4l dig h\u00e4r info@storytellers.se<\/p>\n","protected":false},"author":2,"featured_media":0,"comment_status":"open","ping_status":"closed","sticky":false,"template":"","format":"standard","meta":[],"categories":[8],"tags":[],"_links":{"self":[{"href":"https:\/\/storytellers.se\/index.php?rest_route=\/wp\/v2\/posts\/2650"}],"collection":[{"href":"https:\/\/storytellers.se\/index.php?rest_route=\/wp\/v2\/posts"}],"about":[{"href":"https:\/\/storytellers.se\/index.php?rest_route=\/wp\/v2\/types\/post"}],"author":[{"embeddable":true,"href":"https:\/\/storytellers.se\/index.php?rest_route=\/wp\/v2\/users\/2"}],"replies":[{"embeddable":true,"href":"https:\/\/storytellers.se\/index.php?rest_route=%2Fwp%2Fv2%2Fcomments&post=2650"}],"version-history":[{"count":0,"href":"https:\/\/storytellers.se\/index.php?rest_route=\/wp\/v2\/posts\/2650\/revisions"}],"wp:attachment":[{"href":"https:\/\/storytellers.se\/index.php?rest_route=%2Fwp%2Fv2%2Fmedia&parent=2650"}],"wp:term":[{"taxonomy":"category","embeddable":true,"href":"https:\/\/storytellers.se\/index.php?rest_route=%2Fwp%2Fv2%2Fcategories&post=2650"},{"taxonomy":"post_tag","embeddable":true,"href":"https:\/\/storytellers.se\/index.php?rest_route=%2Fwp%2Fv2%2Ftags&post=2650"}],"curies":[{"name":"wp","href":"https:\/\/api.w.org\/{rel}","templated":true}]}}