{"id":2648,"date":"2010-03-17T14:19:57","date_gmt":"2010-03-17T13:19:57","guid":{"rendered":"http:\/\/heijbel.wordpress.com\/2010\/03\/17\/berattelsens-makt-i-p1"},"modified":"2010-03-17T14:19:57","modified_gmt":"2010-03-17T13:19:57","slug":"berattelsens-makt-i-p1","status":"publish","type":"post","link":"https:\/\/storytellers.se\/?p=2648","title":{"rendered":"Ber\u00e4ttelsens makt i P1"},"content":{"rendered":"<p>H\u00e4romdagen s\u00e4nde <em>Vetenskapsradion: Forum<\/em> i P1 ett program som handlade om ber\u00e4ttelser ocks\u00e5 i marknadsf\u00f6ring. Det som professorn i etnologi, <strong>Ulf Palmenfelt<\/strong>, s\u00e4ger st\u00e4mmer bitvis r\u00e4tt v\u00e4l med det jag oavbrutet missionerar om h\u00e4r. Med hj\u00e4lp av ett kommersiellt etnolgiskt perspktiv kan man helt enkelt sk\u00f6rda f\u00f6retagsfolkore och s\u00e4tta ber\u00e4ttelserna i arbete. Precis s\u00e5 uttrycker han sig inte &#8211; men \u00e4nd\u00e5. <a href=\"http:\/\/www.sr.se\/sida\/artikel.aspx?programid=1302&amp;artikel=3502686\"><strong><em>H\u00e4r<\/em><\/strong><\/a> (klicka sen p\u00e5 l\u00e4nken under rubriken) \u00e4r programmet. Jag arbetar allts\u00e5 med att i praktiken g\u00f6ra det de talar om g\u00e4llande f\u00f6retag och marknadsf\u00f6ring.<\/p>\n","protected":false},"excerpt":{"rendered":"<p>H\u00e4romdagen s\u00e4nde Vetenskapsradion: Forum i P1 ett program som handlade om ber\u00e4ttelser ocks\u00e5 i marknadsf\u00f6ring. Det som professorn i etnologi, Ulf Palmenfelt, s\u00e4ger st\u00e4mmer bitvis r\u00e4tt v\u00e4l med det jag oavbrutet missionerar om h\u00e4r. Med hj\u00e4lp av ett kommersiellt etnolgiskt perspktiv kan man helt enkelt sk\u00f6rda f\u00f6retagsfolkore och s\u00e4tta ber\u00e4ttelserna i arbete. Precis s\u00e5 uttrycker&#8230;<\/p>\n","protected":false},"author":2,"featured_media":0,"comment_status":"open","ping_status":"closed","sticky":false,"template":"","format":"standard","meta":[],"categories":[3],"tags":[],"_links":{"self":[{"href":"https:\/\/storytellers.se\/index.php?rest_route=\/wp\/v2\/posts\/2648"}],"collection":[{"href":"https:\/\/storytellers.se\/index.php?rest_route=\/wp\/v2\/posts"}],"about":[{"href":"https:\/\/storytellers.se\/index.php?rest_route=\/wp\/v2\/types\/post"}],"author":[{"embeddable":true,"href":"https:\/\/storytellers.se\/index.php?rest_route=\/wp\/v2\/users\/2"}],"replies":[{"embeddable":true,"href":"https:\/\/storytellers.se\/index.php?rest_route=%2Fwp%2Fv2%2Fcomments&post=2648"}],"version-history":[{"count":0,"href":"https:\/\/storytellers.se\/index.php?rest_route=\/wp\/v2\/posts\/2648\/revisions"}],"wp:attachment":[{"href":"https:\/\/storytellers.se\/index.php?rest_route=%2Fwp%2Fv2%2Fmedia&parent=2648"}],"wp:term":[{"taxonomy":"category","embeddable":true,"href":"https:\/\/storytellers.se\/index.php?rest_route=%2Fwp%2Fv2%2Fcategories&post=2648"},{"taxonomy":"post_tag","embeddable":true,"href":"https:\/\/storytellers.se\/index.php?rest_route=%2Fwp%2Fv2%2Ftags&post=2648"}],"curies":[{"name":"wp","href":"https:\/\/api.w.org\/{rel}","templated":true}]}}