{"id":2646,"date":"2010-03-16T15:24:10","date_gmt":"2010-03-16T14:24:10","guid":{"rendered":"http:\/\/heijbel.wordpress.com\/2010\/03\/16\/varldsberattardagen-pa-lordag"},"modified":"2010-03-16T15:24:10","modified_gmt":"2010-03-16T14:24:10","slug":"varldsberattardagen-pa-lordag","status":"publish","type":"post","link":"https:\/\/storytellers.se\/?p=2646","title":{"rendered":"V\u00e4rldsber\u00e4ttardagen p\u00e5 l\u00f6rdag"},"content":{"rendered":"<p>P\u00e5 l\u00f6rdag, den 20e mars, firar vi inte bara v\u00e5rdagj\u00e4mningen utan det \u00e4r ocks\u00e5 dags f\u00f6r den internationella <strong>V\u00e4rldsber\u00e4ttardagen, World Storytelling Day<\/strong>. I b\u00f6rjan av 90-talet inleddes de f\u00f6rsta stegen av denna den nya ber\u00e4ttarr\u00f6relsen. Det \u00e4r nu en stark v\u00e5g av ber\u00e4ttande \u00f6ver v\u00e4rlden som faktiskt b\u00f6rjade i sin nya form i Sverige och Skandinavien. Nu ber\u00e4ttas det traditionellt och folkloristiskt \u00f6ver hela v\u00e4rlden. F\u00f6rra \u00e5ret ber\u00e4ttade man i ett 30-tal l\u00e4nder och p\u00e5 5 kontinenter p\u00e5 V\u00e4rldsber\u00e4ttardagen. Jag \u00e4r&#8230;<\/p>\n<p><!--more--><br \/>\nsocialantropolog och etnolog i grunden och jag vet att all kultur b\u00e4rs och synligg\u00f6rs av sina ber\u00e4ttelser. Det \u00e4r dessa ber\u00e4ttelser som folklorister har studerat i drygt 100 \u00e4r i jakten p\u00e5 ber\u00e4ttelserna fr\u00e5n det samh\u00e4lle som gick f\u00f6rlorat i samband med industrialismen.<br \/>\nI dag blandar ber\u00e4ttarna i ber\u00e4ttarr\u00f6relsen r\u00e4tt frimodigt ibland denna den gamla folkloristiska traditionen. Likt spelm\u00e4n som f\u00f6rvaltar musikarvet str\u00e4var ber\u00e4ttarna efter att h\u00e5lla kvar ber\u00e4ttararvet och s\u00e4tta sin samtids pr\u00e4gel p\u00e5 samma g\u00e5ng. Man tar ocks\u00e5 litter\u00e4ra nedteckningar som <strong>Br\u00f6derna Grimm, HC Andersen<\/strong> och ber\u00e4ttelser fr\u00e5n andra kulturkretsar bortom greker och romare.<br \/>\nParallellt med den nya ber\u00e4ttarr\u00f6relsen startade organisationsstorytelling i b\u00f6rjan av 90-talet. P\u00e5 sent 90-tal kom den hit till Sverige. F\u00f6r mig som Corporate Storyteller s\u00e5 \u00e4r det framf\u00f6rallt dessa, ber\u00e4ttelserna i dagens f\u00f6retag och organisationer som \u00e4r intressanta. Inte bara f\u00f6r att de i m\u00e5ngt och mycket visar samma konflikter och b\u00e4r p\u00e5 samma draman utan ocks\u00e5 f\u00f6r att de kan leda f\u00f6retagen till framg\u00e5ng om man s\u00e4tter dem i arbete. Det \u00e4r mitt jobb som f\u00f6rfattare och journalist med socialantropologisk bakgrund.<br \/>\nJag vet att de finns, jag vet hur man hittar dem och hur man sk\u00f6rdar dem och hur man paketerar dem s\u00e5 att de g\u00f6r nytta i kommunikation, s\u00e4lj och ledarskap.<br \/>\nPrecis som bondesamh\u00e4llet beh\u00f6vde sina ber\u00e4ttelser f\u00f6r att orientera sig, visa v\u00e4rderingar och \u00f6verf\u00f6ra kunskap s\u00e5 beh\u00f6ver <em>dagens postmoderna samh\u00e4lle<\/em>, eller vad vi nu v\u00e4ljer att kalla det, sina ber\u00e4ttelser.<br \/>\nP\u00e5 V\u00e4rldsber\u00e4ttardagen har organisationsber\u00e4ttelserna fr\u00e5n 2010-talets vardag \u00e4nnu inte letat sig in \u00e4ven om jag har kontakter med b\u00e5de kyrkor och teatrar f\u00f6r att l\u00e5ta dagens arbetsplatshistorier f\u00e5 plats. Visst hade det varit m\u00f6jligt att spinna ber\u00e4ttelser om dagens verklighet i \u00e5r n\u00e4r temat p\u00e5 V\u00e4rldsber\u00e4ttardagen \u00e4r <em>Ljus och M\u00f6rker<\/em>.<br \/>\nDet beh\u00f6ver inte vara stories fr\u00e5n <em>L\u00e4kare utan Gr\u00e4nser<\/em> som jag just haft kontakt med. Det kan ocks\u00e5 vara fr\u00e5n <em>SSABs<\/em> frivilliginsatser vid orkanen Katrina i New Orleans eller <em>Erkis begravning i Botkyrka<\/em> d\u00e4r kommunens socialtj\u00e4nst blev anh\u00f6rig.<br \/>\nHur som helst. D\u00e4r m\u00e4nniskor finns d\u00e4r finns ber\u00e4ttelser. S\u00e5 \u00e4r det \u00e4n i dag och historien och tillkomsten av nya ber\u00e4ttelser har ingalunda tagit slut i samband med den industriella revolutionen f\u00f6r drygt 100 \u00e5r sedan.<br \/>\nS\u00e5 se dig om i din n\u00e4rhet p\u00e5 l\u00f6rdag. N\u00e5gonstans \u00e4r det s\u00e4kert ber\u00e4ttarf\u00f6rest\u00e4llningar p\u00e5 V\u00e4rldsber\u00e4ttardagen.<\/p>\n","protected":false},"excerpt":{"rendered":"<p>P\u00e5 l\u00f6rdag, den 20e mars, firar vi inte bara v\u00e5rdagj\u00e4mningen utan det \u00e4r ocks\u00e5 dags f\u00f6r den internationella V\u00e4rldsber\u00e4ttardagen, World Storytelling Day. I b\u00f6rjan av 90-talet inleddes de f\u00f6rsta stegen av denna den nya ber\u00e4ttarr\u00f6relsen. Det \u00e4r nu en stark v\u00e5g av ber\u00e4ttande \u00f6ver v\u00e4rlden som faktiskt b\u00f6rjade i sin nya form i Sverige och&#8230;<\/p>\n","protected":false},"author":2,"featured_media":0,"comment_status":"open","ping_status":"closed","sticky":false,"template":"","format":"standard","meta":[],"categories":[9],"tags":[],"_links":{"self":[{"href":"https:\/\/storytellers.se\/index.php?rest_route=\/wp\/v2\/posts\/2646"}],"collection":[{"href":"https:\/\/storytellers.se\/index.php?rest_route=\/wp\/v2\/posts"}],"about":[{"href":"https:\/\/storytellers.se\/index.php?rest_route=\/wp\/v2\/types\/post"}],"author":[{"embeddable":true,"href":"https:\/\/storytellers.se\/index.php?rest_route=\/wp\/v2\/users\/2"}],"replies":[{"embeddable":true,"href":"https:\/\/storytellers.se\/index.php?rest_route=%2Fwp%2Fv2%2Fcomments&post=2646"}],"version-history":[{"count":0,"href":"https:\/\/storytellers.se\/index.php?rest_route=\/wp\/v2\/posts\/2646\/revisions"}],"wp:attachment":[{"href":"https:\/\/storytellers.se\/index.php?rest_route=%2Fwp%2Fv2%2Fmedia&parent=2646"}],"wp:term":[{"taxonomy":"category","embeddable":true,"href":"https:\/\/storytellers.se\/index.php?rest_route=%2Fwp%2Fv2%2Fcategories&post=2646"},{"taxonomy":"post_tag","embeddable":true,"href":"https:\/\/storytellers.se\/index.php?rest_route=%2Fwp%2Fv2%2Ftags&post=2646"}],"curies":[{"name":"wp","href":"https:\/\/api.w.org\/{rel}","templated":true}]}}