{"id":2644,"date":"2010-03-15T19:53:12","date_gmt":"2010-03-15T18:53:12","guid":{"rendered":"http:\/\/heijbel.wordpress.com\/2010\/03\/15\/seminarier-i-malmo-lund-i-april"},"modified":"2010-03-15T19:53:12","modified_gmt":"2010-03-15T18:53:12","slug":"seminarier-i-malmo-lund-i-april","status":"publish","type":"post","link":"https:\/\/storytellers.se\/?p=2644","title":{"rendered":"Seminarier i Malm\u00f6-Lund i april"},"content":{"rendered":"<p>Nu \u00e4r det best\u00e4mt att det blir seminarier 2 x 3 tim i <strong>Malm\u00f6<\/strong> den 14e resp 28e april kl 13-16 i lokalerna hos ID Kommunikation. F\u00f6rsta tr\u00e4ffen skr\u00e4ddarsyr jag en inspirationsf\u00f6rel\u00e4sning utifr\u00e5n de anm\u00e4lda deltagarna och k\u00f6r en mindre workshop. Andra tr\u00e4ffen bygger jag upp kring kursdeltagarnas egna storytexter som vi g\u00e5r igenom och diskuterar utifr\u00e5n olika storytellingaspekter. \u00c4r du intresserad s\u00e5 h\u00f6r av dig till <a href=\"mailto:info@storytellers.se\">info@storytellers.se<\/a><\/p>\n","protected":false},"excerpt":{"rendered":"<p>Nu \u00e4r det best\u00e4mt att det blir seminarier 2 x 3 tim i Malm\u00f6 den 14e resp 28e april kl 13-16 i lokalerna hos ID Kommunikation. F\u00f6rsta tr\u00e4ffen skr\u00e4ddarsyr jag en inspirationsf\u00f6rel\u00e4sning utifr\u00e5n de anm\u00e4lda deltagarna och k\u00f6r en mindre workshop. Andra tr\u00e4ffen bygger jag upp kring kursdeltagarnas egna storytexter som vi g\u00e5r igenom och&#8230;<\/p>\n","protected":false},"author":2,"featured_media":0,"comment_status":"open","ping_status":"closed","sticky":false,"template":"","format":"standard","meta":[],"categories":[9],"tags":[],"_links":{"self":[{"href":"https:\/\/storytellers.se\/index.php?rest_route=\/wp\/v2\/posts\/2644"}],"collection":[{"href":"https:\/\/storytellers.se\/index.php?rest_route=\/wp\/v2\/posts"}],"about":[{"href":"https:\/\/storytellers.se\/index.php?rest_route=\/wp\/v2\/types\/post"}],"author":[{"embeddable":true,"href":"https:\/\/storytellers.se\/index.php?rest_route=\/wp\/v2\/users\/2"}],"replies":[{"embeddable":true,"href":"https:\/\/storytellers.se\/index.php?rest_route=%2Fwp%2Fv2%2Fcomments&post=2644"}],"version-history":[{"count":0,"href":"https:\/\/storytellers.se\/index.php?rest_route=\/wp\/v2\/posts\/2644\/revisions"}],"wp:attachment":[{"href":"https:\/\/storytellers.se\/index.php?rest_route=%2Fwp%2Fv2%2Fmedia&parent=2644"}],"wp:term":[{"taxonomy":"category","embeddable":true,"href":"https:\/\/storytellers.se\/index.php?rest_route=%2Fwp%2Fv2%2Fcategories&post=2644"},{"taxonomy":"post_tag","embeddable":true,"href":"https:\/\/storytellers.se\/index.php?rest_route=%2Fwp%2Fv2%2Ftags&post=2644"}],"curies":[{"name":"wp","href":"https:\/\/api.w.org\/{rel}","templated":true}]}}