{"id":2642,"date":"2010-03-11T15:14:39","date_gmt":"2010-03-11T14:14:39","guid":{"rendered":"http:\/\/heijbel.wordpress.com\/2010\/03\/11\/stockholmsseminarium-den-8-april"},"modified":"2010-03-11T15:14:39","modified_gmt":"2010-03-11T14:14:39","slug":"stockholmsseminarium-den-8-april","status":"publish","type":"post","link":"https:\/\/storytellers.se\/?p=2642","title":{"rendered":"Stockholmsseminarium den 8 april"},"content":{"rendered":"<p>N\u00e4sta chans f\u00f6r dig som vill komma p\u00e5 frukostseminarium i Stockholm \u00e4r den 8 april mellan 08.30-10.30. Jag dukar bordet p\u00e5 Hornsgatan 52 med kaffe, te och br\u00f6d. Sen f\u00f6rel\u00e4ser jag och deltagarna diskuterar och fr\u00e5gar d\u00e4refter, under min ledning, om <em>storytelling i och om organisationer<\/em>. Jag fakturerar 500 sek plus moms per person.<br \/>\nDet finns ocks\u00e5 \u00f6nskem\u00e5l om en storytellingutbildning till vintern\/v\u00e5ren med exempelvis 3&#215;3 tim med skrivuppgifter och dramaturgidiskussion inlagd.<em><br \/>\n\u00c4r du intresserad av den 8 april och\/eller en 9 timmarskurs (3&#215;3 tim)<\/em> vid ett senare tillf\u00e4lle s\u00e5 maila <a href=\"mailto:matts@storytellers.se\">info@storytellers.se<\/a>. Vad g\u00e4ller den l\u00e4ngre kursen s\u00e5 h\u00e5ller jag \u00e4n s\u00e5 l\u00e4nge bara p\u00e5 att kolla intresset. Jag har redan en lista av intresserade.<br \/>\nV\u00e4lkommen att anm\u00e4la dig till frukostseminariet den 8 april.<\/p>\n","protected":false},"excerpt":{"rendered":"<p>N\u00e4sta chans f\u00f6r dig som vill komma p\u00e5 frukostseminarium i Stockholm \u00e4r den 8 april mellan 08.30-10.30. Jag dukar bordet p\u00e5 Hornsgatan 52 med kaffe, te och br\u00f6d. Sen f\u00f6rel\u00e4ser jag och deltagarna diskuterar och fr\u00e5gar d\u00e4refter, under min ledning, om storytelling i och om organisationer. Jag fakturerar 500 sek plus moms per person. Det&#8230;<\/p>\n","protected":false},"author":2,"featured_media":0,"comment_status":"open","ping_status":"closed","sticky":false,"template":"","format":"standard","meta":[],"categories":[9],"tags":[],"_links":{"self":[{"href":"https:\/\/storytellers.se\/index.php?rest_route=\/wp\/v2\/posts\/2642"}],"collection":[{"href":"https:\/\/storytellers.se\/index.php?rest_route=\/wp\/v2\/posts"}],"about":[{"href":"https:\/\/storytellers.se\/index.php?rest_route=\/wp\/v2\/types\/post"}],"author":[{"embeddable":true,"href":"https:\/\/storytellers.se\/index.php?rest_route=\/wp\/v2\/users\/2"}],"replies":[{"embeddable":true,"href":"https:\/\/storytellers.se\/index.php?rest_route=%2Fwp%2Fv2%2Fcomments&post=2642"}],"version-history":[{"count":0,"href":"https:\/\/storytellers.se\/index.php?rest_route=\/wp\/v2\/posts\/2642\/revisions"}],"wp:attachment":[{"href":"https:\/\/storytellers.se\/index.php?rest_route=%2Fwp%2Fv2%2Fmedia&parent=2642"}],"wp:term":[{"taxonomy":"category","embeddable":true,"href":"https:\/\/storytellers.se\/index.php?rest_route=%2Fwp%2Fv2%2Fcategories&post=2642"},{"taxonomy":"post_tag","embeddable":true,"href":"https:\/\/storytellers.se\/index.php?rest_route=%2Fwp%2Fv2%2Ftags&post=2642"}],"curies":[{"name":"wp","href":"https:\/\/api.w.org\/{rel}","templated":true}]}}