{"id":2634,"date":"2010-03-05T13:57:08","date_gmt":"2010-03-05T12:57:08","guid":{"rendered":"http:\/\/heijbel.wordpress.com\/2010\/03\/05\/berattaren-i-sitt-sammanhang"},"modified":"2010-03-05T13:57:08","modified_gmt":"2010-03-05T12:57:08","slug":"berattaren-i-sitt-sammanhang","status":"publish","type":"post","link":"https:\/\/storytellers.se\/?p=2634","title":{"rendered":"Ber\u00e4ttaren i sitt sammanhang"},"content":{"rendered":"<p><strong>Ulf \u00c4rnstr\u00f6m<\/strong> gjorde mig nyligen uppm\u00e4rksam p\u00e5 en problematik som dyker upp i den s\u00e5 kallade <em>Ber\u00e4ttarr\u00f6relsen<\/em> ibland. Man tar en folklig ber\u00e4ttare fr\u00e5n en stark ber\u00e4ttarkultur, kanske fr\u00e5n en indiankultur eller representant fr\u00e5n inuiterna p\u00e5 Gr\u00f6nland. Han eller hon har hemma en stark och sj\u00e4lvklar roll som en del av sitt kulturella sammanhang. Men n\u00e4r ber\u00e4ttaren bjuds in och sitter p\u00e5 en scen p\u00e5 en ber\u00e4ttarfestival n\u00e5gon annanstans i v\u00e4rlden s\u00e5 visar det sig ibland att det inte fungerar alls. Det f\u00e5r mig att reflektera \u00f6ver&#8230;<\/p>\n<p><!--more--><br \/>\nber\u00e4ttandet <em>i och om f\u00f6retag och organisationer<\/em>. I dessa sammanhang \u00e4r det, brukar jag framh\u00e5lla, viktigt att inte \u00f6verbetona ber\u00e4ttaren i sig utan att fokusera mer p\u00e5 <em><strong>vad<\/strong><\/em> som ber\u00e4ttas. Vilka ber\u00e4ttelser kan man sk\u00f6rda och forma s\u00e5 att de sprids och b\u00e4rs av m\u00e5nga m\u00e4nniskor.<br \/>\nJag brukar, helt frimodigt, p\u00e5st\u00e5 att var tionde person i v\u00e5r kultur har en naturlig lust och l\u00e4ggning att ber\u00e4tta. Dessa finns i kamratkretsen, i sl\u00e4kten och sj\u00e4lvklart ocks\u00e5 p\u00e5 arbetsplatserna. Om man dukar bordet med en bra repertoar s\u00e5 blir dessa personer ofta nyckelpersoner i den muntliga spridningen av ber\u00e4ttelserna.<br \/>\nOm det st\u00e4mmer att var tionde har l\u00e4ggningen s\u00e5 \u00e4r det l\u00e4tt att r\u00e4kna ut hur m\u00e5nga ber\u00e4ttare en organisation med 30, 300 eller 3000 medarbetare har. F\u00f6r att inte tala om dem med 3.000, 30.000 eller 300.000 kunder.<br \/>\nEn po\u00e4ng i organisationsber\u00e4ttande \u00e4r allts\u00e5 att ber\u00e4ttelserna ska kunna f\u00e5 vingar och fungera ocks\u00e5 utanf\u00f6r sitt ursprungssammanhang. Det p\u00e5verkar ocks\u00e5 dramaturgin i Corporate Storytelling. Inte s\u00e5 mycket <em>hur och vem<\/em> som ber\u00e4ttar utan mer <em>vad och n\u00e4r<\/em>.<\/p>\n","protected":false},"excerpt":{"rendered":"<p>Ulf \u00c4rnstr\u00f6m gjorde mig nyligen uppm\u00e4rksam p\u00e5 en problematik som dyker upp i den s\u00e5 kallade Ber\u00e4ttarr\u00f6relsen ibland. Man tar en folklig ber\u00e4ttare fr\u00e5n en stark ber\u00e4ttarkultur, kanske fr\u00e5n en indiankultur eller representant fr\u00e5n inuiterna p\u00e5 Gr\u00f6nland. Han eller hon har hemma en stark och sj\u00e4lvklar roll som en del av sitt kulturella sammanhang. Men&#8230;<\/p>\n","protected":false},"author":2,"featured_media":0,"comment_status":"open","ping_status":"closed","sticky":false,"template":"","format":"standard","meta":[],"categories":[2],"tags":[],"_links":{"self":[{"href":"https:\/\/storytellers.se\/index.php?rest_route=\/wp\/v2\/posts\/2634"}],"collection":[{"href":"https:\/\/storytellers.se\/index.php?rest_route=\/wp\/v2\/posts"}],"about":[{"href":"https:\/\/storytellers.se\/index.php?rest_route=\/wp\/v2\/types\/post"}],"author":[{"embeddable":true,"href":"https:\/\/storytellers.se\/index.php?rest_route=\/wp\/v2\/users\/2"}],"replies":[{"embeddable":true,"href":"https:\/\/storytellers.se\/index.php?rest_route=%2Fwp%2Fv2%2Fcomments&post=2634"}],"version-history":[{"count":0,"href":"https:\/\/storytellers.se\/index.php?rest_route=\/wp\/v2\/posts\/2634\/revisions"}],"wp:attachment":[{"href":"https:\/\/storytellers.se\/index.php?rest_route=%2Fwp%2Fv2%2Fmedia&parent=2634"}],"wp:term":[{"taxonomy":"category","embeddable":true,"href":"https:\/\/storytellers.se\/index.php?rest_route=%2Fwp%2Fv2%2Fcategories&post=2634"},{"taxonomy":"post_tag","embeddable":true,"href":"https:\/\/storytellers.se\/index.php?rest_route=%2Fwp%2Fv2%2Ftags&post=2634"}],"curies":[{"name":"wp","href":"https:\/\/api.w.org\/{rel}","templated":true}]}}