{"id":2632,"date":"2010-03-03T20:19:17","date_gmt":"2010-03-03T19:19:17","guid":{"rendered":"http:\/\/heijbel.wordpress.com\/2010\/03\/03\/nasselfrossa-i-olofstrom"},"modified":"2010-03-03T20:19:17","modified_gmt":"2010-03-03T19:19:17","slug":"nasselfrossa-i-olofstrom","status":"publish","type":"post","link":"https:\/\/storytellers.se\/?p=2632","title":{"rendered":"N\u00e4sselfrossa i Olofstr\u00f6m"},"content":{"rendered":"<p>I sommar \u00e4r det tredje \u00e5ret som <em>N\u00e4sselfrossan<\/em>, den egna kulturfestivalen, drar ig\u00e5ng i <strong>Olofstr\u00f6m<\/strong> i Blekinge. <strong>Harry Martinson,<\/strong> nobelpristagaren som skrev N\u00e4sslorna blomma, \u00e4r bygdens son, d\u00e4rav <em>N\u00e4sselfrossa<\/em>. Kulturprojektet f\u00e5r pengar via <em>Leader Blekinge<\/em>. Festivalen vill samordna kulturmilj\u00f6erna och deras ber\u00e4ttelser och ta vara p\u00e5 kulturpersonligheter med r\u00f6tter i kommunen f\u00f6r att g\u00f6ra dem k\u00e4nda f\u00f6r en st\u00f6rre allm\u00e4nhet. D\u00e4rf\u00f6r var jag och ber\u00e4ttaren <strong>Ulf \u00c4rnstr\u00f6m<\/strong> inbjudna idag f\u00f6r att i kommunens regi tr\u00e4ffa olika typer av ber\u00e4ttare och kulturb\u00e4rare. Jag talade om storytelling i varum\u00e4rkesbyggandet och diskuterade hur man kan&#8230;<\/p>\n<p><!--more--><br \/>\nta sig in i framtiden och n\u00e5 de unga ocks\u00e5 via det gamla kulturarvet. Ulf talade om hur man bygger ber\u00e4ttelser och ledde ber\u00e4ttarmedvetande\u00f6vningar. Jag talade mycket om <em>vad<\/em> och <em>varf\u00f6r<\/em>. Ulf talade mest om <em>hur<\/em> och <em>n\u00e4r<\/em>. H\u00e4r kompletterade vi b\u00e5da varandra i Olofstr\u00f6m.<\/p>\n","protected":false},"excerpt":{"rendered":"<p>I sommar \u00e4r det tredje \u00e5ret som N\u00e4sselfrossan, den egna kulturfestivalen, drar ig\u00e5ng i Olofstr\u00f6m i Blekinge. Harry Martinson, nobelpristagaren som skrev N\u00e4sslorna blomma, \u00e4r bygdens son, d\u00e4rav N\u00e4sselfrossa. Kulturprojektet f\u00e5r pengar via Leader Blekinge. Festivalen vill samordna kulturmilj\u00f6erna och deras ber\u00e4ttelser och ta vara p\u00e5 kulturpersonligheter med r\u00f6tter i kommunen f\u00f6r att g\u00f6ra dem&#8230;<\/p>\n","protected":false},"author":2,"featured_media":0,"comment_status":"open","ping_status":"closed","sticky":false,"template":"","format":"standard","meta":[],"categories":[4],"tags":[],"_links":{"self":[{"href":"https:\/\/storytellers.se\/index.php?rest_route=\/wp\/v2\/posts\/2632"}],"collection":[{"href":"https:\/\/storytellers.se\/index.php?rest_route=\/wp\/v2\/posts"}],"about":[{"href":"https:\/\/storytellers.se\/index.php?rest_route=\/wp\/v2\/types\/post"}],"author":[{"embeddable":true,"href":"https:\/\/storytellers.se\/index.php?rest_route=\/wp\/v2\/users\/2"}],"replies":[{"embeddable":true,"href":"https:\/\/storytellers.se\/index.php?rest_route=%2Fwp%2Fv2%2Fcomments&post=2632"}],"version-history":[{"count":0,"href":"https:\/\/storytellers.se\/index.php?rest_route=\/wp\/v2\/posts\/2632\/revisions"}],"wp:attachment":[{"href":"https:\/\/storytellers.se\/index.php?rest_route=%2Fwp%2Fv2%2Fmedia&parent=2632"}],"wp:term":[{"taxonomy":"category","embeddable":true,"href":"https:\/\/storytellers.se\/index.php?rest_route=%2Fwp%2Fv2%2Fcategories&post=2632"},{"taxonomy":"post_tag","embeddable":true,"href":"https:\/\/storytellers.se\/index.php?rest_route=%2Fwp%2Fv2%2Ftags&post=2632"}],"curies":[{"name":"wp","href":"https:\/\/api.w.org\/{rel}","templated":true}]}}