{"id":2630,"date":"2010-03-03T07:29:06","date_gmt":"2010-03-03T06:29:06","guid":{"rendered":"http:\/\/heijbel.wordpress.com\/2010\/03\/03\/goteborg-malmo-lund"},"modified":"2010-03-03T07:29:06","modified_gmt":"2010-03-03T06:29:06","slug":"goteborg-malmo-lund","status":"publish","type":"post","link":"https:\/\/storytellers.se\/?p=2630","title":{"rendered":"G\u00f6teborg, Malm\u00f6, Lund"},"content":{"rendered":"<p>I <strong>Malm\u00f6<\/strong> \/ <strong>Lund<\/strong> liksom i <strong>G\u00f6teborg<\/strong> har jag intresserade som bett mig att komma och h\u00e5lla seminarier i 2-steg, 3 tim per g\u00e5ng, med n\u00e5gra veckors mellanrum och med skrivuppgift emellan. Steg 1 skulle best\u00e5 av f\u00f6rel\u00e4sning om \u00e4mnet. Steg 2 skulle bygga p\u00e5 genomg\u00e5ngar och storydiskussioner med deltagarnas egna organisationsstories som exempel. Jag kan \u00e4ven t\u00e4nka mig andra orter och uppl\u00e4gg. Anm\u00e4l intresse till <a href=\"mailto:matts@storytellers.se\">matts@storytellers.se<\/a><\/p>\n","protected":false},"excerpt":{"rendered":"<p>I Malm\u00f6 \/ Lund liksom i G\u00f6teborg har jag intresserade som bett mig att komma och h\u00e5lla seminarier i 2-steg, 3 tim per g\u00e5ng, med n\u00e5gra veckors mellanrum och med skrivuppgift emellan. Steg 1 skulle best\u00e5 av f\u00f6rel\u00e4sning om \u00e4mnet. Steg 2 skulle bygga p\u00e5 genomg\u00e5ngar och storydiskussioner med deltagarnas egna organisationsstories som exempel. Jag&#8230;<\/p>\n","protected":false},"author":2,"featured_media":0,"comment_status":"open","ping_status":"closed","sticky":false,"template":"","format":"standard","meta":[],"categories":[9],"tags":[],"_links":{"self":[{"href":"https:\/\/storytellers.se\/index.php?rest_route=\/wp\/v2\/posts\/2630"}],"collection":[{"href":"https:\/\/storytellers.se\/index.php?rest_route=\/wp\/v2\/posts"}],"about":[{"href":"https:\/\/storytellers.se\/index.php?rest_route=\/wp\/v2\/types\/post"}],"author":[{"embeddable":true,"href":"https:\/\/storytellers.se\/index.php?rest_route=\/wp\/v2\/users\/2"}],"replies":[{"embeddable":true,"href":"https:\/\/storytellers.se\/index.php?rest_route=%2Fwp%2Fv2%2Fcomments&post=2630"}],"version-history":[{"count":0,"href":"https:\/\/storytellers.se\/index.php?rest_route=\/wp\/v2\/posts\/2630\/revisions"}],"wp:attachment":[{"href":"https:\/\/storytellers.se\/index.php?rest_route=%2Fwp%2Fv2%2Fmedia&parent=2630"}],"wp:term":[{"taxonomy":"category","embeddable":true,"href":"https:\/\/storytellers.se\/index.php?rest_route=%2Fwp%2Fv2%2Fcategories&post=2630"},{"taxonomy":"post_tag","embeddable":true,"href":"https:\/\/storytellers.se\/index.php?rest_route=%2Fwp%2Fv2%2Ftags&post=2630"}],"curies":[{"name":"wp","href":"https:\/\/api.w.org\/{rel}","templated":true}]}}