{"id":2624,"date":"2010-03-02T12:08:20","date_gmt":"2010-03-02T11:08:20","guid":{"rendered":"http:\/\/heijbel.wordpress.com\/2010\/03\/02\/vilka-ar-argumenten"},"modified":"2010-03-02T12:08:20","modified_gmt":"2010-03-02T11:08:20","slug":"vilka-ar-argumenten","status":"publish","type":"post","link":"https:\/\/storytellers.se\/?p=2624","title":{"rendered":"Vilka \u00e4r argumenten?"},"content":{"rendered":"<p><strong>Fr\u00e5ga:<\/strong><br \/>\nKan du ge argument f\u00f6r att dra ig\u00e5ng en Storytellingprocess i f\u00f6retaget?<br \/>\n<strong>Svar:<\/strong><br \/>\nJag brukar s\u00e4ga att Strategisk Storytelling \u00e4r ett multiverktyg. Man kan anv\u00e4nda den till olika processer, det handlar helt enkelt p\u00e5 hur man st\u00e4ller in instrumenten.<br \/>\nTill att b\u00f6rja med kan man ta st\u00e4llning till n\u00e5gra t\u00e4nkbara huvudsp\u00e5r p\u00e5 insidan eller utsidan av varum\u00e4rket. Exempelvis kan man diskutera om det handlar om ledarskap, kulturbyggande, s\u00e4lj, marknadsf\u00f6ring, rekrytering eller organisationsutveckling.<br \/>\nP\u00e5 insidan&#8230;<\/p>\n<p><!--more--><br \/>\nkan man exempelvis tala om att:<br \/>\n\u2022 <em>sk\u00f6rda sanna ber\u00e4ttelser f\u00f6r att r\u00e4dda och f\u00f6ra vidare viktig kunskap till nyanl\u00e4nda i flocken.<br \/>\n\u2022  f\u00f6rflytta varum\u00e4rken i den meningen att man i en f\u00f6r\u00e4ndringsprocess vill f\u00f6rs\u00f6ka \u00e4ndra sig, kanske fr\u00e5n f\u00f6rvaltarkultur till proaktiv servicekultur.<br \/>\n\u2022 st\u00f6tta grupputveckling f\u00f6r att bli mer framg\u00e5ngsrik i produktionen av varor eller tj\u00e4nster.<br \/>\n\u2022 visa och st\u00f6dja \u00f6nskade v\u00e4rderingar.<br \/>\n\u2022 l\u00e4ra fr\u00e5n sina framg\u00e5ngar och misstag genom att ber\u00e4tta om viktiga h\u00e4ndelser.<br \/>\n\u2022 arbeta f\u00f6r f\u00f6r\u00e4ndring genom att proaktivt prova och visa nya t\u00e4nkbara s\u00e4tt att arbeta.<br \/>\n\u2022 i realtid ber\u00e4tta om organisationens arv och historia genom att l\u00f6pande sk\u00f6rda stories om viktiga h\u00e4ndelser.<\/em><br \/>\nN\u00e4r jag m\u00f6ter f\u00f6retag och organisationer \u00e4r det d\u00e4rf\u00f6r alltid viktigt att tala om dessa tankar f\u00f6r att enas om en liknande m\u00e5lbild innan vi inleder i en Storytellingprocess.<\/p>\n","protected":false},"excerpt":{"rendered":"<p>Fr\u00e5ga: Kan du ge argument f\u00f6r att dra ig\u00e5ng en Storytellingprocess i f\u00f6retaget? Svar: Jag brukar s\u00e4ga att Strategisk Storytelling \u00e4r ett multiverktyg. Man kan anv\u00e4nda den till olika processer, det handlar helt enkelt p\u00e5 hur man st\u00e4ller in instrumenten. Till att b\u00f6rja med kan man ta st\u00e4llning till n\u00e5gra t\u00e4nkbara huvudsp\u00e5r p\u00e5 insidan eller&#8230;<\/p>\n","protected":false},"author":2,"featured_media":0,"comment_status":"open","ping_status":"closed","sticky":false,"template":"","format":"standard","meta":[],"categories":[6],"tags":[],"_links":{"self":[{"href":"https:\/\/storytellers.se\/index.php?rest_route=\/wp\/v2\/posts\/2624"}],"collection":[{"href":"https:\/\/storytellers.se\/index.php?rest_route=\/wp\/v2\/posts"}],"about":[{"href":"https:\/\/storytellers.se\/index.php?rest_route=\/wp\/v2\/types\/post"}],"author":[{"embeddable":true,"href":"https:\/\/storytellers.se\/index.php?rest_route=\/wp\/v2\/users\/2"}],"replies":[{"embeddable":true,"href":"https:\/\/storytellers.se\/index.php?rest_route=%2Fwp%2Fv2%2Fcomments&post=2624"}],"version-history":[{"count":0,"href":"https:\/\/storytellers.se\/index.php?rest_route=\/wp\/v2\/posts\/2624\/revisions"}],"wp:attachment":[{"href":"https:\/\/storytellers.se\/index.php?rest_route=%2Fwp%2Fv2%2Fmedia&parent=2624"}],"wp:term":[{"taxonomy":"category","embeddable":true,"href":"https:\/\/storytellers.se\/index.php?rest_route=%2Fwp%2Fv2%2Fcategories&post=2624"},{"taxonomy":"post_tag","embeddable":true,"href":"https:\/\/storytellers.se\/index.php?rest_route=%2Fwp%2Fv2%2Ftags&post=2624"}],"curies":[{"name":"wp","href":"https:\/\/api.w.org\/{rel}","templated":true}]}}