{"id":2622,"date":"2010-03-01T11:13:47","date_gmt":"2010-03-01T10:13:47","guid":{"rendered":"http:\/\/heijbel.wordpress.com\/2010\/03\/01\/en-workshopmodell-som-fungerar"},"modified":"2010-03-01T11:13:47","modified_gmt":"2010-03-01T10:13:47","slug":"en-workshopmodell-som-fungerar","status":"publish","type":"post","link":"https:\/\/storytellers.se\/?p=2622","title":{"rendered":"En workshopmodell som fungerar"},"content":{"rendered":"<p>Om ni funderar p\u00e5 att g\u00f6ra en f\u00f6rsta insats f\u00f6r att komma i kontakt med organisationens ber\u00e4ttarkapital s\u00e5 finns det en <em>workshopmodell<\/em> som garanterat fungerar. Jag har uvecklat den under de 10 \u00e5r jag har sysslat med <strong>Corporate Storytelling<\/strong> och den fungerar i stora och sm\u00e5, privata och offentliga liksom olika typer av ideela organisationer. Utg\u00e5ngspunkten \u00e4r&#8230;<\/p>\n<p><!--more--><br \/>\n&#8230;att man tror p\u00e5 p\u00e5st\u00e5endet att organisationen har tillg\u00e5ng till ber\u00e4ttelser som \u00e4r v\u00e4rdefulla och att man \u00e4r intresserad av att s\u00f6ka i detta kulturkapital, att man vill sk\u00f6rda, v\u00e4lja, utveckla och s\u00e4tta ber\u00e4ttelserna i arbete f\u00f6r att n\u00e5 framg\u00e5ng.<br \/>\nF\u00f6r att komma i g\u00e5ng och involvera kulturb\u00e4rarna \u00e4r inspirationsf\u00f6rel\u00e4sningen helt n\u00f6dv\u00e4ndig. D\u00e4rf\u00f6r inleder jag alltid med en inspirationsf\u00f6rel\u00e4sning fylld med exempel fr\u00e5n olika f\u00f6retag och organisationer.<br \/>\nS\u00e5 h\u00e4r gjorde de, s\u00e5 h\u00e4r gjorde andra. D\u00e4rf\u00f6r valde detta f\u00f6retag dessa ber\u00e4ttelser. Beroende p\u00e5 strategi kan det handla om att v\u00e4lja ber\u00e4ttelser f\u00f6r rekrytering, s\u00e4lj, marknadsf\u00f6ring, ledarskap p\u00e5 varum\u00e4rkets insida, kunskaps\u00f6verf\u00f6ring etc.<br \/>\nTids\u00e5tg\u00e5ngen f\u00f6r att genomf\u00f6ra en liten fungerande workshop \u00e4r halvdag. Sen kan man f\u00f6rst\u00e5s utveckla processen p\u00e5 olika s\u00e4tt vilka behov man har och vilka m\u00e5l man hoppas n\u00e5.<br \/>\nJag skr\u00e4ddarsyr alltid workshopen efter organisationens kultur s\u00e5 att deltagarna blir v\u00e4l medvetna om att jag f\u00f6rst\u00e5r deras verksamhet och deras tankar inf\u00f6r framtiden.<br \/>\nMan kan f\u00f6rst\u00e5s ocks\u00e5 b\u00f6rja med en mindre inspirationsf\u00f6rel\u00e4sning f\u00f6r att d\u00e4refter ta st\u00e4llning till om man vill g\u00e5 vidare med en sk\u00f6rdefest. Detta kan vara ett l\u00e4mpligt steg n\u00e4r man vill \u00f6vertyga exempelvis en ledningsgrupp innan man v\u00e4ljer en del av organisationen som ska f\u00e5 en workshop.<br \/>\nDet g\u00e5r ocks\u00e5 att l\u00e5ta det hela ta lite mer eventartad riktning i samband med kickoff eller personal- eller kunddag.<br \/>\nH\u00f6r av dig om du vill veta mer.<\/p>\n","protected":false},"excerpt":{"rendered":"<p>Om ni funderar p\u00e5 att g\u00f6ra en f\u00f6rsta insats f\u00f6r att komma i kontakt med organisationens ber\u00e4ttarkapital s\u00e5 finns det en workshopmodell som garanterat fungerar. Jag har uvecklat den under de 10 \u00e5r jag har sysslat med Corporate Storytelling och den fungerar i stora och sm\u00e5, privata och offentliga liksom olika typer av ideela organisationer&#8230;.<\/p>\n","protected":false},"author":2,"featured_media":0,"comment_status":"open","ping_status":"closed","sticky":false,"template":"","format":"standard","meta":[],"categories":[7],"tags":[],"_links":{"self":[{"href":"https:\/\/storytellers.se\/index.php?rest_route=\/wp\/v2\/posts\/2622"}],"collection":[{"href":"https:\/\/storytellers.se\/index.php?rest_route=\/wp\/v2\/posts"}],"about":[{"href":"https:\/\/storytellers.se\/index.php?rest_route=\/wp\/v2\/types\/post"}],"author":[{"embeddable":true,"href":"https:\/\/storytellers.se\/index.php?rest_route=\/wp\/v2\/users\/2"}],"replies":[{"embeddable":true,"href":"https:\/\/storytellers.se\/index.php?rest_route=%2Fwp%2Fv2%2Fcomments&post=2622"}],"version-history":[{"count":0,"href":"https:\/\/storytellers.se\/index.php?rest_route=\/wp\/v2\/posts\/2622\/revisions"}],"wp:attachment":[{"href":"https:\/\/storytellers.se\/index.php?rest_route=%2Fwp%2Fv2%2Fmedia&parent=2622"}],"wp:term":[{"taxonomy":"category","embeddable":true,"href":"https:\/\/storytellers.se\/index.php?rest_route=%2Fwp%2Fv2%2Fcategories&post=2622"},{"taxonomy":"post_tag","embeddable":true,"href":"https:\/\/storytellers.se\/index.php?rest_route=%2Fwp%2Fv2%2Ftags&post=2622"}],"curies":[{"name":"wp","href":"https:\/\/api.w.org\/{rel}","templated":true}]}}