{"id":2618,"date":"2010-02-26T10:47:53","date_gmt":"2010-02-26T09:47:53","guid":{"rendered":"http:\/\/heijbel.wordpress.com\/2010\/02\/26\/emotionell-kommunikation-4"},"modified":"2010-02-26T10:47:53","modified_gmt":"2010-02-26T09:47:53","slug":"emotionell-kommunikation-4","status":"publish","type":"post","link":"https:\/\/storytellers.se\/?p=2618","title":{"rendered":"Emotionell kommunikation"},"content":{"rendered":"<p>N\u00e4r det f\u00f6r en tid sedan kom fram att det tycks ha f\u00f6rekommit mutor och tveksamma aff\u00e4rsmetoder kring <strong>Ikea<\/strong> i Ryssland s\u00e5 uttalade sig <strong>Ingvar Kamprad<\/strong> i <em>Expressen<\/em>. Rubriken var: <strong><em>Jag satte mig och lipade som ett barn<\/em><\/strong>.<br \/>\nS\u00e5 byggs den emotionella bilden av en av v\u00e4rldens rikaste m\u00e4n och en av Sveriges mest popul\u00e4ra aff\u00e4rspersonligheter. Han forts\u00e4tter&#8230;<\/p>\n<p><!--more--><br \/>\nenligt Expressen (<em>19 feb 2010 &#8221;efter en stund g\u00e5r Ingvar Kamprad med p\u00e5 att Expressen publicerar v\u00e5rt samtal&#8221;, skriver journalisten Johan Wallqvist<\/em>) <strong>s\u00e5 h\u00e4r<\/strong>:<br \/>\n<em>&#8221;\u2013 Jag satte mig i min gamla poemf\u00e5t\u00f6lj och gr\u00e4t. Jag lipade som ett barn f\u00f6r jag var s\u00e5 ledsen.<br \/>\n\u2013 Jag \u00e4r f\u00f6rtvivlad \u00f6ver det som h\u00e4nt.<br \/>\n\u2013 Nu har man plockat in vad man anser vara skickliga konsulter som ska unders\u00f6ka det h\u00e4r fr\u00e5n b\u00f6rjan till slut.<br \/>\n\u2013 Det \u00e4r s\u00e5 h\u00e4r, att jag har hela tiden sysslat med Ikeas kommersiella del, att s\u00e4lja stolar, kaffekoppar och allt vad det \u00e4r. S\u00e5 jag har haft v\u00e4ldigt lite att g\u00f6ra med Ikeas fastighetsavdelning.<br \/>\n\u2013 Jag \u00e4r f\u00f6rf\u00e4rligt, f\u00f6rf\u00e4rligt ledsen.<br \/>\n\u2013 Vi f\u00f6rs\u00f6kte i varje fall upptr\u00e4da anst\u00e4ndigt sj\u00e4lva.&#8221;<\/em><br \/>\nSe d\u00e4r. Typisk Kampradregi som tar sig hela v\u00e4gen in i tidningen, snacka om skicklig PR. Han gr\u00e5ter i sin Ikeaf\u00e5t\u00f6lj&#8230; han kommenterar dyra konsulter med att de <em>anses<\/em> vara skickliga&#8230; han \u00e4r bara en enkel f\u00f6rs\u00e4ljare inom m\u00f6bler och porslin&#8230;en f\u00f6rf\u00e4rligt, f\u00f6rf\u00e4rligt ledsen handelsman.<br \/>\nOch som sagt han gr\u00e5ter, n\u00e4stan som en olycklig japansk direkt\u00f6r som gr\u00e5tande ber om urs\u00e4kt.<br \/>\nDet h\u00e4r \u00e4r nog unikt i v\u00e5rt land. Inte bara att han kanske k\u00e4nner s\u00e5 h\u00e4r och v\u00e5gar visa det, han gr\u00e4t ju f\u00f6r \u00f6vrigt i Svt hos <strong>KG Bergstr\u00f6m<\/strong> ocks\u00e5.<br \/>\nMin tanke g\u00e5r f\u00f6rst\u00e5s till den emotionella kommunikationen, en arena d\u00e4r storytellingen i regel ocks\u00e5 r\u00f6r sig. Den h\u00e4r typen av utspel och regisserad publicitet skapar stories och p\u00e5verkar snacket.<br \/>\nN\u00e5got f\u00f6r politiken?<br \/>\nI politiken har vi detta val\u00e5r, s\u00e5 vitt jag kan se, \u00e4nnu ingen som tagit den emotionella rollen. M\u00e4rkligt eftersom m\u00e4nniskor ber\u00f6rs av emotionell kommunikation. N\u00e5gon i allianspartierna, eller bland de r\u00f6dgr\u00f6na, kanske skulle axla den. Rollen \u00e4r ju fortfarande, som sagt, obesatt&#8230;<br \/>\nMen det kr\u00e4ver ju f\u00f6rst\u00e5s att vederb\u00f6rande ocks\u00e5 har kontakt med sina k\u00e4nslor.<br \/>\nJag har sj\u00e4lv ett f\u00f6rflutet b\u00e5de som journalist, journalistl\u00e4rare p\u00e5 Journalisth\u00f6gskolan och som PR-konsult innan jag gick helt in p\u00e5 Corporate Storytelling f\u00f6r 10 \u00e5r sedan. Med den bakgrunden vill jag g\u00e4rna till\u00e4gga att jag inte tycker det \u00e4r n\u00e5got konstigt att Expressen publicerar detta. Jag tycker det \u00e4r bra l\u00e4sning men framf\u00f6rallt skickligt av Kamprad sj\u00e4lv att ha det inflytandet \u00f6ver vad tidningen skriver.<br \/>\n<em>PS. Ikeas f\u00e5t\u00f6lj Poem kom f\u00f6rst 1976. Den \u00e4r gjord av skiktlimmat tr\u00e4. Den har senare utvecklats under namnet Po\u00e4ng. DS <\/em><\/p>\n","protected":false},"excerpt":{"rendered":"<p>N\u00e4r det f\u00f6r en tid sedan kom fram att det tycks ha f\u00f6rekommit mutor och tveksamma aff\u00e4rsmetoder kring Ikea i Ryssland s\u00e5 uttalade sig Ingvar Kamprad i Expressen. Rubriken var: Jag satte mig och lipade som ett barn. S\u00e5 byggs den emotionella bilden av en av v\u00e4rldens rikaste m\u00e4n och en av Sveriges mest popul\u00e4ra&#8230;<\/p>\n","protected":false},"author":2,"featured_media":0,"comment_status":"open","ping_status":"closed","sticky":false,"template":"","format":"standard","meta":[],"categories":[2],"tags":[],"_links":{"self":[{"href":"https:\/\/storytellers.se\/index.php?rest_route=\/wp\/v2\/posts\/2618"}],"collection":[{"href":"https:\/\/storytellers.se\/index.php?rest_route=\/wp\/v2\/posts"}],"about":[{"href":"https:\/\/storytellers.se\/index.php?rest_route=\/wp\/v2\/types\/post"}],"author":[{"embeddable":true,"href":"https:\/\/storytellers.se\/index.php?rest_route=\/wp\/v2\/users\/2"}],"replies":[{"embeddable":true,"href":"https:\/\/storytellers.se\/index.php?rest_route=%2Fwp%2Fv2%2Fcomments&post=2618"}],"version-history":[{"count":0,"href":"https:\/\/storytellers.se\/index.php?rest_route=\/wp\/v2\/posts\/2618\/revisions"}],"wp:attachment":[{"href":"https:\/\/storytellers.se\/index.php?rest_route=%2Fwp%2Fv2%2Fmedia&parent=2618"}],"wp:term":[{"taxonomy":"category","embeddable":true,"href":"https:\/\/storytellers.se\/index.php?rest_route=%2Fwp%2Fv2%2Fcategories&post=2618"},{"taxonomy":"post_tag","embeddable":true,"href":"https:\/\/storytellers.se\/index.php?rest_route=%2Fwp%2Fv2%2Ftags&post=2618"}],"curies":[{"name":"wp","href":"https:\/\/api.w.org\/{rel}","templated":true}]}}