{"id":2616,"date":"2010-02-25T09:32:07","date_gmt":"2010-02-25T08:32:07","guid":{"rendered":"http:\/\/heijbel.wordpress.com\/2010\/02\/25\/fientlig-storytelling"},"modified":"2010-02-25T09:32:07","modified_gmt":"2010-02-25T08:32:07","slug":"fientlig-storytelling","status":"publish","type":"post","link":"https:\/\/storytellers.se\/?p=2616","title":{"rendered":"Fientlig storytelling"},"content":{"rendered":"<p>I politiken \u00e4r det vanligt, men hur \u00e4r det i n\u00e4ringslivet? Jag f\u00e5r ofta fr\u00e5gan om hur vanligt det \u00e4r att <em>fientlig storytelling<\/em> anv\u00e4nds i privat och offentligt arbetsliv f\u00f6r att f\u00f6rsvaga en konkurrent. \u00c4r det vanligt att en konkurrerande verksamhet fientligt planterar ber\u00e4ttelser om andra enbart med avsikten att den v\u00e4gen vinna egna f\u00f6rdelar. Jag brukar svara att jag kanske \u00e4r naiv, men att jag inte st\u00f6tt p\u00e5 det, att jag tror det \u00e4r mycket ovanligt och att jag \u00e4nnu inte blivt tillfr\u00e5gad om att delta i ett arbete f\u00f6r  att med storytelling misskreditera andra. Ibland till\u00e4gger jag att jag f\u00f6rst\u00e5r att det f\u00f6rst\u00e5s f\u00f6rekommer. Jag menar d\u00e5 <em>ut\u00f6ver den mer impulsiva diskussion som hela tiden f\u00f6rs<\/em> i bloggar och andra  sociala medier och som kan ta eld och spridas som skogsbr\u00e4nder.<br \/>\nN\u00e4r jag nu l\u00e4ser att en rad asiatiska bilar pl\u00f6tsligt har blivit livsfarliga i Usa s\u00e5 undrar jag f\u00f6rst\u00e5s lite med tanke p\u00e5 den amerikanska bilindustrins kris. Jag vet inte men visst dyker tanken upp att det finns en medveten stratgei bakom n\u00e4r man l\u00e4ser det h\u00e4r i <a href=\"http:\/\/www.newzglobe.com\/inrikes\/20100225\/toyotas-kris-en-amerikansk-konspiration\"><strong><em>Newzglobe<\/em><\/strong><\/a>.<\/p>\n","protected":false},"excerpt":{"rendered":"<p>I politiken \u00e4r det vanligt, men hur \u00e4r det i n\u00e4ringslivet? Jag f\u00e5r ofta fr\u00e5gan om hur vanligt det \u00e4r att fientlig storytelling anv\u00e4nds i privat och offentligt arbetsliv f\u00f6r att f\u00f6rsvaga en konkurrent. \u00c4r det vanligt att en konkurrerande verksamhet fientligt planterar ber\u00e4ttelser om andra enbart med avsikten att den v\u00e4gen vinna egna f\u00f6rdelar&#8230;.<\/p>\n","protected":false},"author":2,"featured_media":0,"comment_status":"open","ping_status":"closed","sticky":false,"template":"","format":"standard","meta":[],"categories":[6],"tags":[],"_links":{"self":[{"href":"https:\/\/storytellers.se\/index.php?rest_route=\/wp\/v2\/posts\/2616"}],"collection":[{"href":"https:\/\/storytellers.se\/index.php?rest_route=\/wp\/v2\/posts"}],"about":[{"href":"https:\/\/storytellers.se\/index.php?rest_route=\/wp\/v2\/types\/post"}],"author":[{"embeddable":true,"href":"https:\/\/storytellers.se\/index.php?rest_route=\/wp\/v2\/users\/2"}],"replies":[{"embeddable":true,"href":"https:\/\/storytellers.se\/index.php?rest_route=%2Fwp%2Fv2%2Fcomments&post=2616"}],"version-history":[{"count":0,"href":"https:\/\/storytellers.se\/index.php?rest_route=\/wp\/v2\/posts\/2616\/revisions"}],"wp:attachment":[{"href":"https:\/\/storytellers.se\/index.php?rest_route=%2Fwp%2Fv2%2Fmedia&parent=2616"}],"wp:term":[{"taxonomy":"category","embeddable":true,"href":"https:\/\/storytellers.se\/index.php?rest_route=%2Fwp%2Fv2%2Fcategories&post=2616"},{"taxonomy":"post_tag","embeddable":true,"href":"https:\/\/storytellers.se\/index.php?rest_route=%2Fwp%2Fv2%2Ftags&post=2616"}],"curies":[{"name":"wp","href":"https:\/\/api.w.org\/{rel}","templated":true}]}}