{"id":2610,"date":"2010-02-23T13:50:11","date_gmt":"2010-02-23T12:50:11","guid":{"rendered":"http:\/\/heijbel.wordpress.com\/2010\/02\/23\/sagorna-upprepas-i-var-tids-vardag"},"modified":"2010-02-23T13:50:11","modified_gmt":"2010-02-23T12:50:11","slug":"sagorna-upprepas-i-var-tids-vardag","status":"publish","type":"post","link":"https:\/\/storytellers.se\/?p=2610","title":{"rendered":"Sagorna upprepas i v\u00e5r tids vardag"},"content":{"rendered":"<p>I <em>Corporate Storytelling<\/em> finns i regel ett utrymme f\u00f6r lyssnaren eller l\u00e4saren att reagera och interaktivt tolka det hon h\u00f6r. D\u00e4rf\u00f6r \u00e4r en bra story helst inte f\u00f6r faktuellt redovisande utan helst en enkel ber\u00e4ttelse om en h\u00e4ndelse att ta st\u00e4llning till och reagera p\u00e5.<br \/>\nDet inneb\u00e4r att medarbetare, kunder och andra intressenter som h\u00f6r en ber\u00e4ttelse om eller kring en organisation reflekterar och anpassar tolkningen efter sina behov, sin&#8230;<\/p>\n<p><!--more--><br \/>\n&#8230;erfarenhet och sin v\u00e4rldsbild.<br \/>\nDetta sl\u00e5r mig n\u00e4r jag l\u00e4ser <strong>Margareta S\u00f6rensons<\/strong> artikel p\u00e5 <em>Expressen Kultur<\/em> om folksagorna roll i dag. De \u00e4r, menar S\u00f6renson, fortfarande g\u00e5ngbara.<br \/>\nFolksagorna, som i m\u00e5nga fall \u00e4r traderade fr\u00e5n ett historiskt avl\u00e4gset ber\u00e4ttarsamh\u00e4lle, samlades in p\u00e5 1600-, 1700- och 1800-talen. I stor utstr\u00e4ckning var de avsedda att visa v\u00e4rderingar och etiska dilemman f\u00f6r vuxna och f\u00f6r dem som stod p\u00e5 tr\u00f6skeln till vuxenv\u00e4rlden.<br \/>\nP\u00e5 1800-talet n\u00e4r nationalstaterna b\u00f6rjade ta form b\u00f6rjade vi samla folklore, folkmusik, folkdans och folkdr\u00e4kter ocks\u00e5 h\u00e4r i Sverige, n\u00e5got som folklivsforskare noga studerat och dokumenterat. Vi beh\u00f6vde ha en repertoar till v\u00e5r kulturhistoria och till detta kr\u00e4vdes ett nationellt kulturkapital kopplat till det samh\u00e4lle vi delade och byggde tillsammans.<br \/>\nI dag, n\u00e4r bondesamh\u00e4llet sedan l\u00e4nge har klingat av i sin 1800-talsform, har vi ett samh\u00e4lle d\u00e4r de flesta vuxna beh\u00f6ver nya vuxenber\u00e4ttelser ut\u00f6ver dem fr\u00e5n det gamla sagoarvet.<br \/>\nD\u00e4r kan man, om man s\u00e5 vill, f\u00e5 in Corporate Storytelling i dagens sammanhang med f\u00f6retag, organisationer och offentliga sektorer. Ibland hamnar vi faktiskt i verkliga ber\u00e4ttelser som ibland p\u00e5minner om <em>Sn\u00f6vit, T\u00f6rnrosa, R\u00f6dluvan och Bockarna Bruse<\/em> men med 2000-talsrekvisita.<br \/>\nDet beror p\u00e5 att de nedtecknade folksagorna fr\u00e5n tidigare \u00e5rhundraden i stor utstr\u00e4ckning kan kallas arketypiska. Speciellt intressanta var de f\u00f6rst\u00e5s innan <strong>Walt Disney<\/strong> drejade om dem till 1900-talets n\u00f6jesindustri och amerikanska moraluppfattning som den tolkades av <em>Hollywood<\/em>.<br \/>\nVargen i R\u00f6dluvan kan f\u00f6rresten mycket v\u00e4l vara, menar S\u00f6renson: &#8221; <em>pedofilen, fula gubben som lurpassar i skuggorna, p\u00e5 hemv\u00e4gen fr\u00e5n skolan eler p\u00e5 internet<\/em>.&#8221;<br \/>\nFolksagober\u00e4ttelserna var ursprungligen muntligt spridda, <strong>Word of Mouth<\/strong>. D\u00e5 kunde de l\u00e4mpligt nog i ber\u00e4ttarstunden anpassas till olika situationer men med bibeh\u00e5llen grunddramaturgi. J\u00e4mf\u00f6r ledarskapet i moderna organisationer.<br \/>\nDe kan allts\u00e5 \u00e4ven i dagens organisations- och f\u00f6retagsber\u00e4ttande nyanseras beroende p\u00e5 situationen d\u00e4r de anv\u00e4nds. Man m\u00e5lar med stor pensel f\u00f6r att visa viktiga h\u00e4ndelser av betydelse f\u00f6r en organisations eller ett f\u00f6retags utveckling. Lyssnaren och \/ eller traditionsb\u00e4raren kan tolka och anv\u00e4nda ber\u00e4ttelserna f\u00f6r sina behov och f\u00f6r att konfonteras med varum\u00e4rkets v\u00e4rderingar.<br \/>\n<a href=\"http:\/\/www.expressen.se\/kultur\/1.1892225\/det-var-en-gang\"><strong><em>H\u00e4r \u00e4r Margareta S\u00f6rensons artikel p\u00e5 Expressen Kultur<\/em><\/strong><\/a>.<\/p>\n","protected":false},"excerpt":{"rendered":"<p>I Corporate Storytelling finns i regel ett utrymme f\u00f6r lyssnaren eller l\u00e4saren att reagera och interaktivt tolka det hon h\u00f6r. D\u00e4rf\u00f6r \u00e4r en bra story helst inte f\u00f6r faktuellt redovisande utan helst en enkel ber\u00e4ttelse om en h\u00e4ndelse att ta st\u00e4llning till och reagera p\u00e5. Det inneb\u00e4r att medarbetare, kunder och andra intressenter som h\u00f6r&#8230;<\/p>\n","protected":false},"author":2,"featured_media":0,"comment_status":"open","ping_status":"closed","sticky":false,"template":"","format":"standard","meta":[],"categories":[2],"tags":[],"_links":{"self":[{"href":"https:\/\/storytellers.se\/index.php?rest_route=\/wp\/v2\/posts\/2610"}],"collection":[{"href":"https:\/\/storytellers.se\/index.php?rest_route=\/wp\/v2\/posts"}],"about":[{"href":"https:\/\/storytellers.se\/index.php?rest_route=\/wp\/v2\/types\/post"}],"author":[{"embeddable":true,"href":"https:\/\/storytellers.se\/index.php?rest_route=\/wp\/v2\/users\/2"}],"replies":[{"embeddable":true,"href":"https:\/\/storytellers.se\/index.php?rest_route=%2Fwp%2Fv2%2Fcomments&post=2610"}],"version-history":[{"count":0,"href":"https:\/\/storytellers.se\/index.php?rest_route=\/wp\/v2\/posts\/2610\/revisions"}],"wp:attachment":[{"href":"https:\/\/storytellers.se\/index.php?rest_route=%2Fwp%2Fv2%2Fmedia&parent=2610"}],"wp:term":[{"taxonomy":"category","embeddable":true,"href":"https:\/\/storytellers.se\/index.php?rest_route=%2Fwp%2Fv2%2Fcategories&post=2610"},{"taxonomy":"post_tag","embeddable":true,"href":"https:\/\/storytellers.se\/index.php?rest_route=%2Fwp%2Fv2%2Ftags&post=2610"}],"curies":[{"name":"wp","href":"https:\/\/api.w.org\/{rel}","templated":true}]}}