{"id":2606,"date":"2010-02-19T12:53:23","date_gmt":"2010-02-19T11:53:23","guid":{"rendered":"http:\/\/heijbel.wordpress.com\/2010\/02\/19\/heijbelmodellen"},"modified":"2010-02-19T12:53:23","modified_gmt":"2010-02-19T11:53:23","slug":"heijbelmodellen","status":"publish","type":"post","link":"https:\/\/storytellers.se\/?p=2606","title":{"rendered":"Heijbelmodellen"},"content":{"rendered":"<p>Ju mer storytellingbegreppet anv\u00e4nds, desto r\u00f6rigare blir det. Jag har d\u00e4rf\u00f6r best\u00e4mt mig f\u00f6r att lansera det jag kallar Heijbelmodellen. Utg\u00e5ngssynen finns uttryckt i mina Youtubefilmer (skriv in Heijbel i s\u00f6krutan p\u00e5 Youtube s\u00e5 hittar du fyra korta filmer). Den kommer ocks\u00e5 att mer steg f\u00f6r steg presenteras i boken Storytelling befolkar varum\u00e4rket som kommer f\u00f6re sommaren.<br \/>\nHeijbelmodellen utg\u00e5r fr\u00e5n att&#8230;<\/p>\n<p><!--more--><br \/>\norganisationsber\u00e4ttelserna, f\u00f6retagsfolkloren, \u00e4r ett kapital som g\u00e5r att sk\u00f6rda och s\u00e4tta i arbete i ledarskap, utveckling av inre och yttre varum\u00e4rke samt i s\u00e4lj, marknadf\u00f6ring och employer branding, Det \u00e4r bara att v\u00e4lja hur man st\u00e4ller in instrumenten.<br \/>\nMan beh\u00f6ver heller inte bara v\u00e4nta och konstatera att det bakom oss finns sanna ber\u00e4ttelser att s\u00f6ka upp och sk\u00f6rda. Man kan ocks\u00e5 regissera sin verklighet och sj\u00e4lv skapa sanna ber\u00e4ttelser som kan hj\u00e4lpa till att dra verksamhet och intressenter in i framtiden.<br \/>\nDet d\u00e4r med sanning betyder inte att man m\u00e5ste redovisa, eller ens ha koll p\u00e5, varje k\u00e4lla och alla fakta. Det inneb\u00e4r snarare att medarbetare och andra intressenter f\u00e5r trov\u00e4rdiga ber\u00e4ttelser om h\u00e4ndelser som visar nyttan och v\u00e4rderingarna kring en organisation och dess varor och tj\u00e4nster.<br \/>\nI den meningen \u00e4r allts\u00e5 inte ICAs reklamsaga med Stig &amp; Co storytelling enligt Heijbelmodellens syns\u00e4tt som snarare ansluter sig till flera internationella perspektiv d\u00e4r man sk\u00f6rdar och anv\u00e4nder business narratives f\u00f6r att n\u00e5 framg\u00e5ng.<br \/>\nMan l\u00e4gger allts\u00e5 upp en strategi utifr\u00e5n hur man vill anv\u00e4nda detta multiverktyg. Sen k\u00f6r man. Detta fungerar p\u00e5 stora och sm\u00e5 organisationer. Privata, offentliga och ideela. Fr\u00e5n f\u00e5mansverksamheter upp till internationella f\u00f6retag och organisationer.<\/p>\n","protected":false},"excerpt":{"rendered":"<p>Ju mer storytellingbegreppet anv\u00e4nds, desto r\u00f6rigare blir det. Jag har d\u00e4rf\u00f6r best\u00e4mt mig f\u00f6r att lansera det jag kallar Heijbelmodellen. Utg\u00e5ngssynen finns uttryckt i mina Youtubefilmer (skriv in Heijbel i s\u00f6krutan p\u00e5 Youtube s\u00e5 hittar du fyra korta filmer). Den kommer ocks\u00e5 att mer steg f\u00f6r steg presenteras i boken Storytelling befolkar varum\u00e4rket som kommer&#8230;<\/p>\n","protected":false},"author":2,"featured_media":0,"comment_status":"open","ping_status":"closed","sticky":false,"template":"","format":"standard","meta":[],"categories":[2],"tags":[],"_links":{"self":[{"href":"https:\/\/storytellers.se\/index.php?rest_route=\/wp\/v2\/posts\/2606"}],"collection":[{"href":"https:\/\/storytellers.se\/index.php?rest_route=\/wp\/v2\/posts"}],"about":[{"href":"https:\/\/storytellers.se\/index.php?rest_route=\/wp\/v2\/types\/post"}],"author":[{"embeddable":true,"href":"https:\/\/storytellers.se\/index.php?rest_route=\/wp\/v2\/users\/2"}],"replies":[{"embeddable":true,"href":"https:\/\/storytellers.se\/index.php?rest_route=%2Fwp%2Fv2%2Fcomments&post=2606"}],"version-history":[{"count":0,"href":"https:\/\/storytellers.se\/index.php?rest_route=\/wp\/v2\/posts\/2606\/revisions"}],"wp:attachment":[{"href":"https:\/\/storytellers.se\/index.php?rest_route=%2Fwp%2Fv2%2Fmedia&parent=2606"}],"wp:term":[{"taxonomy":"category","embeddable":true,"href":"https:\/\/storytellers.se\/index.php?rest_route=%2Fwp%2Fv2%2Fcategories&post=2606"},{"taxonomy":"post_tag","embeddable":true,"href":"https:\/\/storytellers.se\/index.php?rest_route=%2Fwp%2Fv2%2Ftags&post=2606"}],"curies":[{"name":"wp","href":"https:\/\/api.w.org\/{rel}","templated":true}]}}