{"id":2604,"date":"2010-02-17T15:48:55","date_gmt":"2010-02-17T14:48:55","guid":{"rendered":"http:\/\/heijbel.wordpress.com\/2010\/02\/17\/nyhetsbrev-51-tva-storyfrukostar-m-m"},"modified":"2010-02-17T15:48:55","modified_gmt":"2010-02-17T14:48:55","slug":"nyhetsbrev-51-tva-storyfrukostar-m-m","status":"publish","type":"post","link":"https:\/\/storytellers.se\/?p=2604","title":{"rendered":"Nyhetsbrev 51: Tv\u00e5 storyfrukostar m m"},"content":{"rendered":"<p>I dag har detta nyhetsbrev, det femtiof\u00f6rsta, g\u00e5tt ut till cirka 2.600 prenumeranter. Det \u00e4r f\u00f6rst\u00e5s gratis och det kommer en g\u00e5ng i m\u00e5naden. Vill du ocks\u00e5 vara med p\u00e5 s\u00e4ndlistan s\u00e5 skriv till <a href=\"mailto:matts@storytellers.se\">matts@storytellers.se<\/a> och anm\u00e4l dig.<br \/>\nDu kan l\u00e4sa det aktuella brevet genom l\u00e4nken h\u00e4r under:<\/p>\n<p><!--more--><br \/>\nNyhetsbrev 51<br \/>\nHej Storytellerv\u00e4n,<br \/>\nNu \u00e4r det dags f\u00f6r det femtiof\u00f6rsta nyhetsbrevet fr\u00e5n Storytellers. Jag resonerar h\u00e4r lite om vad som h\u00e4nt sen sist i mitt storyarbete, mitt storyhuvud och mitt storyhj\u00e4rta. Hela tiden skriver jag h\u00e4r aprop\u00e5 storytelling i och om f\u00f6retag och organisationer och om organisationernas varor, tj\u00e4nster och kunder ur ett storyperspektiv.<br \/>\nMen allra f\u00f6rst ska jag nu tipsa om tv\u00e5 storyfrukostar som jag bjuder in till i Stockholm den 24 februari och den 10 mars. G\u00e5 in p\u00e5 storytellers.se och anm\u00e4l dig om du \u00e4r intresserad. Du f\u00e5r scrolla ned till ett inl\u00e4gg, n\u00e5gon vecka gammalt, i textspalten s\u00e5 ser du hur du anm\u00e4ler dig. Det b\u00f6rjade med en, som jag trodde, enstaka frukost i h\u00f6stas sen har de bara repriserats och repriserats eftersom s\u00e5 m\u00e5nga vill komma.<br \/>\nI Malm\u00f6 och \u00f6vriga Sk\u00e5ne har jag ocks\u00e5 m\u00e5nga kontakter som undrar om jag kan komma dit. Jag funderar d\u00e4rf\u00f6r p\u00e5 att ha ett tv\u00e5stegsseminarium i Malm\u00f6 eller Lund i v\u00e5r. Tv\u00e5 kurstillf\u00e4llen om vardera 3 tim och med en skrivuppgift d\u00e4remellan som f\u00e5r bli underlag f\u00f6r det andra kurstillf\u00e4llet. Om du \u00e4r intresserad kontakta mig p\u00e5 matts@storytellers.se<br \/>\nJag kan utf\u00e4rda kursintyg fr\u00e5n Storytellerakademin till den som vill.<br \/>\n++++++++++++++++++++++++++++++++++++++++++++++++++++++<br \/>\nD\u00e5 s\u00e5, d\u00e5 var det avklarat.<br \/>\nN\u00e4r nu budgetarna f\u00f6r internetmarknadsf\u00f6ring, beloppsm\u00e4ssigt, har passerat budgeterna f\u00f6r marknadsf\u00f6ring via TV s\u00e5 \u00e4r det dags att resa en milstolpe. Alla marknadsf\u00f6ringsbudgetar gick enligt informationsindex ned f\u00f6rra \u00e5ret utom just pengarna till att f\u00f6ra sig mot marknaden via n\u00e4tet som ist\u00e4llet \u00f6kade trots konjunkturl\u00e4get.<br \/>\nSom Corporate Storyteller \u00e4r jag \u00f6vertygad om att vi befinner oss i ett paradigmskifte d\u00e4r \u00e4ven tidig print-annonsliknande internetmarknadsf\u00f6ring kommer att klinga av till f\u00f6rm\u00e5n f\u00f6r de sociala medierna.<br \/>\nDetta \u00e4r redan p\u00e5 g\u00e5ng, men eftersom det \u00e4r ett s\u00e5 billigt s\u00e4tt att arbeta s\u00e5 blir procentsatsen av de totala penningfl\u00f6dena \u00e4nnu inte s\u00e5 h\u00f6g n\u00e4r det g\u00e4ller kostnader f\u00f6r sociala media. Att n\u00e4rvara d\u00e4r kr\u00e4ver ju dessutom aktivitet och n\u00e4rvaro och jag \u00e4r inte s\u00e4ker hur man r\u00e4knar just den insatsen.<br \/>\n++++++++++++++++++++++++++++++++++++++++++++++++++++++<br \/>\nMen delta i bruset p\u00e5 n\u00e4tet m\u00e5ste man f\u00f6rst\u00e5s. Snacket g\u00e5r ju d\u00e4r ute hur som helst. En maktfullkomlig f\u00f6retagsledning kan inte ta bort det n\u00e5gon annan s\u00e4ger p\u00e5 Facebook eller Youtube. Det \u00e4r bara att gilla l\u00e4get, bygga sin storyrepertoar och delta. Man kan ju inte komma med \u00e5rsber\u00e4ttelser och stelopererade faktuella f\u00f6retagsbeskrivningar i internetsamtalet.<br \/>\nJag kan inte l\u00e5ta bli att t\u00e4nka p\u00e5 de stora sammandragningar av medarbetare och kunder som g\u00e5r under begrepp som personaldagar, \u00e5rsdagar och kunddagar. Ibland p\u00e5 internat d\u00e4r fullsp\u00e4ckade scheman monologaktigt och power-pointifierat dr\u00e4nker konferensrummen och f\u00e5r deltagarna att mest l\u00e4ngta efter sina pauser och kv\u00e4llsaktiviteter.<br \/>\nVarf\u00f6r ska de beh\u00f6va h\u00f6ra h\u00f6gl\u00e4sning fr\u00e5n Power-Point-presentationer n\u00e4r de lika g\u00e4rna kan l\u00e4sa detta p\u00e5 papper eller intran\u00e4t?<br \/>\nDet k\u00e4nns s\u00e5 gammalt och icke-interaktivt. Det \u00e4r ett dyrt och d\u00e5ligt fungerande s\u00e4tt att umg\u00e5s. Det f\u00f6ljer ofta modeller och uppl\u00e4gg som \u00f6verlevt sig sj\u00e4lva f\u00f6r l\u00e4nge sedan.<br \/>\nMot detta st\u00e4ller bland andra Stefan Engeseth sina unplugged meetings. En power-point-fri men skickligt regisserad dialog mellan scen och publik.<br \/>\nSka man d\u00e5 inte tr\u00e4ffas?<br \/>\nJo visst. Men involverande. Jag har flera g\u00e5nger, bland annat med Bod\u00e9n &amp; Co, medverkat i nya fr\u00e4scha l\u00f6sningar av kick-offer d\u00e4r ber\u00e4ttelserna, kulturkapitalet,  har st\u00e5tt i centrum och d\u00e4r medarbetarnas ber\u00e4ttelser har sk\u00f6rdats och r\u00e4ddats f\u00f6r att sedan kunna anv\u00e4ndas i det fortsatta arbetet med att befolka varum\u00e4rket och utveckla verksamheten.<br \/>\nDet \u00e4r roligt, det \u00e4r modernt och det ger ber\u00e4ttelser som kan s\u00e4ttas i arbete och som d\u00e4rmed delvis kan motivera de stora kostnader som det inneb\u00e4r att samla m\u00e5nga m\u00e4nniskor p\u00e5 en och samma plats.<br \/>\nBryggan mellan stora m\u00e4nniskom\u00f6ten i arbetslivet och den moderna kommunikationen via Word of Mouth och den sociala webben stavas Storytelling. Att det sen dessutom \u00e4r roligt och utvecklande f\u00f6r deltagarna ger det hela en extra bonus.<br \/>\n++++++++++++++++++++++++++++++++++++++++++++++++++++++<br \/>\nM\u00e4nniskans urgamla s\u00e4tt att via sina ber\u00e4ttelser f\u00f6rst\u00e5 varifr\u00e5n hon kommer, var hon befinner sig och vart hon \u00e4r p\u00e5 v\u00e4g lever upp igen. Gamla tekniker, djupt nedlagda i m\u00e4nniskan, fylls med 2010-talets bilder och verklighet och deltagarna i dagens byar ( f\u00f6retagen ) trivs. Alla gillar en bra story som visar gruppens v\u00e4rderingar.<br \/>\nEgentligen \u00e4r det sv\u00e5rt att f\u00f6rst\u00e5 att inte alla f\u00f6retag och organisationer satsar p\u00e5 detta sj\u00e4lvklara kapital som bara ligger d\u00e4r och v\u00e4ntar. Det \u00e4r billigt, det \u00e4r effektivt och det ger en snabb repertoar som kan anv\u00e4ndas ocks\u00e5 i tidningar, intran\u00e4t, ledarskap, anslagstavlor med mer, ut\u00f6ver internet och sociala media.<br \/>\nOch, det t\u00e5l att upprepas, man kan skapa nya ber\u00e4ttelser genom att regissera sig sj\u00e4lv och sin organisation. Man beh\u00f6ver inte bara v\u00e4nda sig om och se vad som h\u00e4nt. Man kan proaktivt skapa framtid och sk\u00f6rda ber\u00e4ttelser om detta i realtid.<br \/>\nP\u00e5 s\u00e5 s\u00e4tt kan man g\u00f6ra den framtid synlig som \u00e4nnu inte finns. Genom att m\u00e5la med en bred pensel bilder av nya h\u00e4ndelser som n\u00e4stan bara b\u00f6rjat fl\u00e4mta s\u00e5 kan man g\u00f6ra framtiden mer begriplig \u00e4n genom p\u00e5hittade kurvor, scenarier och diagram.<br \/>\nVerkligheten duger mycket bra och den finns hela tiden omkring oss. Och med bra ledarskap och ett kreativt sinne kan vi hitta morgondagens former redan nu och b\u00f6rja ber\u00e4tta om dem omg\u00e5ende.<br \/>\n++++++++++++++++++++++++++++++++++++++++++++++++++++++<br \/>\nJag m\u00e4rker intresset v\u00e4xa f\u00f6r de h\u00e4r fr\u00e5gorna och jag \u00e4lskar rollen att missionera om insikterna. Faktum \u00e4r att jag k\u00e4nner att jag p\u00e5 n\u00e5got s\u00e4tt g\u00f6r nytta inte bara f\u00f6r dem som ber om hj\u00e4lp med storyletande och sk\u00f6rdande och med olika seminarier utan f\u00f6r arbetslivet som helhet.<br \/>\nDe f\u00f6rsta \u00e5ren var det lite ensamt men nu sitter det. N\u00e5gra siffror som bekr\u00e4ftar det \u00e4r 157.000 bes\u00f6k som jag haft hittills p\u00e5 storytellers.se och cirka 3.000 visningar av mina filmer p\u00e5 Youtube efter ett drygt halv\u00e5r. Du hittar dem genom att skriva in Heijbel p\u00e5 Youtube.<br \/>\nWebbplatsen storytellers.se har nu \u00f6ver 1.000 texter tillg\u00e4ngliga f\u00f6r den som \u00e4r intresserad av de h\u00e4r fr\u00e5gorna. G\u00e5 g\u00e4rna dit och botanisera.<br \/>\n++++++++++++++++++++++++++++++++++++++++++++++++++++++<br \/>\nJag som skrev det h\u00e4r heter Matts Heijbel. Du f\u00e5r brevet f\u00f6r att du anm\u00e4lt dig eller f\u00f6r att du varit p\u00e5 mina seminarier och svarat ja p\u00e5 fr\u00e5gan om du vill vara med i listan.<br \/>\nVill du inte vara med l\u00e4ngre s\u00e5 v\u00e4nd nyhetsbrevet med ett: Nej tack, s\u00e5 tar jag bort dig.<br \/>\nVill du tipsa n\u00e5gon annan s\u00e5 be dem anm\u00e4la sin adress via matts@storytellers.se<br \/>\nCitera g\u00e4rna vad jag skriver men ange d\u00e5 k\u00e4llan.<br \/>\nHej s\u00e5 l\u00e4nge<br \/>\nh\u00e4lsar<br \/>\nMatts Heijbel<br \/>\nStockholm \/ Gr\u00f6dinge<br \/>\n17 februari 2010<\/p>\n","protected":false},"excerpt":{"rendered":"<p>I dag har detta nyhetsbrev, det femtiof\u00f6rsta, g\u00e5tt ut till cirka 2.600 prenumeranter. Det \u00e4r f\u00f6rst\u00e5s gratis och det kommer en g\u00e5ng i m\u00e5naden. Vill du ocks\u00e5 vara med p\u00e5 s\u00e4ndlistan s\u00e5 skriv till matts@storytellers.se och anm\u00e4l dig. Du kan l\u00e4sa det aktuella brevet genom l\u00e4nken h\u00e4r under:<\/p>\n","protected":false},"author":2,"featured_media":0,"comment_status":"open","ping_status":"closed","sticky":false,"template":"","format":"standard","meta":[],"categories":[8],"tags":[],"_links":{"self":[{"href":"https:\/\/storytellers.se\/index.php?rest_route=\/wp\/v2\/posts\/2604"}],"collection":[{"href":"https:\/\/storytellers.se\/index.php?rest_route=\/wp\/v2\/posts"}],"about":[{"href":"https:\/\/storytellers.se\/index.php?rest_route=\/wp\/v2\/types\/post"}],"author":[{"embeddable":true,"href":"https:\/\/storytellers.se\/index.php?rest_route=\/wp\/v2\/users\/2"}],"replies":[{"embeddable":true,"href":"https:\/\/storytellers.se\/index.php?rest_route=%2Fwp%2Fv2%2Fcomments&post=2604"}],"version-history":[{"count":0,"href":"https:\/\/storytellers.se\/index.php?rest_route=\/wp\/v2\/posts\/2604\/revisions"}],"wp:attachment":[{"href":"https:\/\/storytellers.se\/index.php?rest_route=%2Fwp%2Fv2%2Fmedia&parent=2604"}],"wp:term":[{"taxonomy":"category","embeddable":true,"href":"https:\/\/storytellers.se\/index.php?rest_route=%2Fwp%2Fv2%2Fcategories&post=2604"},{"taxonomy":"post_tag","embeddable":true,"href":"https:\/\/storytellers.se\/index.php?rest_route=%2Fwp%2Fv2%2Ftags&post=2604"}],"curies":[{"name":"wp","href":"https:\/\/api.w.org\/{rel}","templated":true}]}}