{"id":2600,"date":"2010-02-14T18:30:32","date_gmt":"2010-02-14T17:30:32","guid":{"rendered":"http:\/\/heijbel.wordpress.com\/2010\/02\/14\/handelsebaserat-berattande-2"},"modified":"2010-02-14T18:30:32","modified_gmt":"2010-02-14T17:30:32","slug":"handelsebaserat-berattande-2","status":"publish","type":"post","link":"https:\/\/storytellers.se\/?p=2600","title":{"rendered":"H\u00e4ndelsebaserat ber\u00e4ttande"},"content":{"rendered":"<p>Jag brukar s\u00e4ga att <em>h\u00e4ndelsebaserat<\/em> ber\u00e4ttande fungerar bra i Corporate Storytellingsammanhang. I st\u00e4llet f\u00f6r att v\u00e4rdera och etikettera vad en person g\u00f6r s\u00e5 kan man beskriva en h\u00e4ndelse, ett skeende, som l\u00e4saren eller lyssnaren kan f\u00f6rh\u00e5lla sig till. Det \u00e4r s\u00e5 man sl\u00e4pper in och bygger en dialog via ber\u00e4ttandet. Under mina \u00e5r som journalist och journalistl\u00e4rare betonade jag hela&#8230;<\/p>\n<p><!--more--><br \/>\ntiden den f\u00f6rklarande dramaturgin. <em>N\u00e4r, var, hur, vem vad och varf\u00f6r<\/em>? blev som en snitslad bana som texten skulle ta sig igenom. Man tog l\u00e4saren i handen och f\u00f6rklarade.<br \/>\nI Storytellingsammanhang handlar det inte om journalistik utan snarare m\u00f6jligen om novellistik med manus h\u00e4mtat fr\u00e5n verkligheten.<br \/>\nMan m\u00e5lar och gestaltar i ber\u00e4ttelsen k\u00e4nslor och st\u00e4mningar som lyssnaren eller l\u00e4saren f\u00e5r f\u00f6rh\u00e5lla sig till. Man p\u00e5st\u00e5r exempelvis inte att kunden \u00e4r arg utan man visar ett beteende som verkar tyda p\u00e5 att kunden \u00e4r arg.<br \/>\nTill den bilden kan lyssnaren \/ l\u00e4saren sen f\u00f6rh\u00e5lla sig som man vill.<br \/>\nMan skriver allts\u00e5 inte folk p\u00e5 n\u00e4san.<br \/>\nVi ser vad som h\u00e4nder men kan f\u00f6rh\u00e5lla oss till det var och en p\u00e5 sitt s\u00e4tt. Ber\u00e4ttaren erbjuder ett utrymme f\u00f6r reaktion. D\u00e4r kan och ska ber\u00e4ttelsen ber\u00f6ra och utf\u00f6ra sitt arbete f\u00f6r att befolka och ladda varum\u00e4rket.<br \/>\nMan hoppas att medarbetaren eller kunden ska ta till sig storyn och f\u00e5 lust att ber\u00e4tta och ber\u00e4tta kan vi alla. Tror du p\u00e5 vad du s\u00e4ger s\u00e5 f\u00f6rh\u00e5ll dig i ber\u00e4ttandet som att du talar till en god v\u00e4n.<\/p>\n","protected":false},"excerpt":{"rendered":"<p>Jag brukar s\u00e4ga att h\u00e4ndelsebaserat ber\u00e4ttande fungerar bra i Corporate Storytellingsammanhang. I st\u00e4llet f\u00f6r att v\u00e4rdera och etikettera vad en person g\u00f6r s\u00e5 kan man beskriva en h\u00e4ndelse, ett skeende, som l\u00e4saren eller lyssnaren kan f\u00f6rh\u00e5lla sig till. Det \u00e4r s\u00e5 man sl\u00e4pper in och bygger en dialog via ber\u00e4ttandet. Under mina \u00e5r som journalist&#8230;<\/p>\n","protected":false},"author":2,"featured_media":0,"comment_status":"open","ping_status":"closed","sticky":false,"template":"","format":"standard","meta":[],"categories":[2],"tags":[],"_links":{"self":[{"href":"https:\/\/storytellers.se\/index.php?rest_route=\/wp\/v2\/posts\/2600"}],"collection":[{"href":"https:\/\/storytellers.se\/index.php?rest_route=\/wp\/v2\/posts"}],"about":[{"href":"https:\/\/storytellers.se\/index.php?rest_route=\/wp\/v2\/types\/post"}],"author":[{"embeddable":true,"href":"https:\/\/storytellers.se\/index.php?rest_route=\/wp\/v2\/users\/2"}],"replies":[{"embeddable":true,"href":"https:\/\/storytellers.se\/index.php?rest_route=%2Fwp%2Fv2%2Fcomments&post=2600"}],"version-history":[{"count":0,"href":"https:\/\/storytellers.se\/index.php?rest_route=\/wp\/v2\/posts\/2600\/revisions"}],"wp:attachment":[{"href":"https:\/\/storytellers.se\/index.php?rest_route=%2Fwp%2Fv2%2Fmedia&parent=2600"}],"wp:term":[{"taxonomy":"category","embeddable":true,"href":"https:\/\/storytellers.se\/index.php?rest_route=%2Fwp%2Fv2%2Fcategories&post=2600"},{"taxonomy":"post_tag","embeddable":true,"href":"https:\/\/storytellers.se\/index.php?rest_route=%2Fwp%2Fv2%2Ftags&post=2600"}],"curies":[{"name":"wp","href":"https:\/\/api.w.org\/{rel}","templated":true}]}}