{"id":2596,"date":"2010-02-11T16:14:30","date_gmt":"2010-02-11T15:14:30","guid":{"rendered":"http:\/\/heijbel.wordpress.com\/2010\/02\/11\/storytelling-med-centerpartiet"},"modified":"2010-02-11T16:14:30","modified_gmt":"2010-02-11T15:14:30","slug":"storytelling-med-centerpartiet","status":"publish","type":"post","link":"https:\/\/storytellers.se\/?p=2596","title":{"rendered":"Storytelling med Centerpartiet"},"content":{"rendered":"<p>P\u00e5 m\u00e5ndag ska jag tr\u00e4ffa ett 20-tal personer ur <strong>Centerpariets riksorganisation<\/strong>, de vill veta och f\u00f6rst\u00e5 mer om storytelling. Jag ska ber\u00e4tta om <em>Storytelling i och om organisationer<\/em> och jag f\u00f6rst\u00e5r att Centern \u00e4r intresserad av att f\u00e5 syn p\u00e5, och kanske s\u00e4tta viktiga ber\u00e4ttelser i arbete. Sj\u00e4lv \u00e4r jag \u00f6vertygad om att <em>Storytelling i politiken<\/em> kan vara ett kraftfullt verktyg b\u00e5de in\u00e5t och ut\u00e5t.<br \/>\nJag kommer ocks\u00e5 att ha en workshop med dem under dagen.<br \/>\nSeminariedagen genomf\u00f6r jag i samarbete med <strong>Berghs School of Communication<\/strong>.<\/p>\n","protected":false},"excerpt":{"rendered":"<p>P\u00e5 m\u00e5ndag ska jag tr\u00e4ffa ett 20-tal personer ur Centerpariets riksorganisation, de vill veta och f\u00f6rst\u00e5 mer om storytelling. Jag ska ber\u00e4tta om Storytelling i och om organisationer och jag f\u00f6rst\u00e5r att Centern \u00e4r intresserad av att f\u00e5 syn p\u00e5, och kanske s\u00e4tta viktiga ber\u00e4ttelser i arbete. Sj\u00e4lv \u00e4r jag \u00f6vertygad om att Storytelling i&#8230;<\/p>\n","protected":false},"author":2,"featured_media":0,"comment_status":"open","ping_status":"closed","sticky":false,"template":"","format":"standard","meta":[],"categories":[9],"tags":[],"_links":{"self":[{"href":"https:\/\/storytellers.se\/index.php?rest_route=\/wp\/v2\/posts\/2596"}],"collection":[{"href":"https:\/\/storytellers.se\/index.php?rest_route=\/wp\/v2\/posts"}],"about":[{"href":"https:\/\/storytellers.se\/index.php?rest_route=\/wp\/v2\/types\/post"}],"author":[{"embeddable":true,"href":"https:\/\/storytellers.se\/index.php?rest_route=\/wp\/v2\/users\/2"}],"replies":[{"embeddable":true,"href":"https:\/\/storytellers.se\/index.php?rest_route=%2Fwp%2Fv2%2Fcomments&post=2596"}],"version-history":[{"count":0,"href":"https:\/\/storytellers.se\/index.php?rest_route=\/wp\/v2\/posts\/2596\/revisions"}],"wp:attachment":[{"href":"https:\/\/storytellers.se\/index.php?rest_route=%2Fwp%2Fv2%2Fmedia&parent=2596"}],"wp:term":[{"taxonomy":"category","embeddable":true,"href":"https:\/\/storytellers.se\/index.php?rest_route=%2Fwp%2Fv2%2Fcategories&post=2596"},{"taxonomy":"post_tag","embeddable":true,"href":"https:\/\/storytellers.se\/index.php?rest_route=%2Fwp%2Fv2%2Ftags&post=2596"}],"curies":[{"name":"wp","href":"https:\/\/api.w.org\/{rel}","templated":true}]}}