{"id":2594,"date":"2010-02-11T13:52:34","date_gmt":"2010-02-11T12:52:34","guid":{"rendered":"http:\/\/heijbel.wordpress.com\/2010\/02\/11\/annu-ett-seminarium-ar-over"},"modified":"2010-02-11T13:52:34","modified_gmt":"2010-02-11T12:52:34","slug":"annu-ett-seminarium-ar-over","status":"publish","type":"post","link":"https:\/\/storytellers.se\/?p=2594","title":{"rendered":"\u00c4nnu ett seminarium \u00e4r \u00f6ver"},"content":{"rendered":"<p>I dag hade jag mitt sjunde frukostseminarium sen i september. Id\u00e9n kom n\u00e4r jag ville ta emot de intresserade som l\u00f6pande kontaktar mig. Jag ville ber\u00e4tta f\u00f6r dem och diskutera under n\u00e5gra timmar i mitt konferensrum p\u00e5 S\u00f6dermalm i Stockholm. Det blev fyllt s\u00e5 det blev ett till och ett till och ett till&#8230;.<br \/>\nI dag var det allts\u00e5 sjunde g\u00e5ngen.<br \/>\nI dag kom bl a representanter f\u00f6r fastighetsbolag, bank, kommunikationskonsulter av olika slag och bist\u00e5ndsverksamheter. Efter min inspirationsf\u00f6rel\u00e4sning hade vi ett kreativt samtal utifr\u00e5n deltagarnas funderingar. Ett mycket trevligt s\u00e4tt umg\u00e5s med dialog och garanterat fritt fr\u00e5n power point. Vill du ocks\u00e5, se texten h\u00e4r under.<br \/>\nVill du att jag ska komma till frukost i er organisation s\u00e5 s\u00e4g till s\u00e5 f\u00e5r vi diskutera.<\/p>\n","protected":false},"excerpt":{"rendered":"<p>I dag hade jag mitt sjunde frukostseminarium sen i september. Id\u00e9n kom n\u00e4r jag ville ta emot de intresserade som l\u00f6pande kontaktar mig. Jag ville ber\u00e4tta f\u00f6r dem och diskutera under n\u00e5gra timmar i mitt konferensrum p\u00e5 S\u00f6dermalm i Stockholm. Det blev fyllt s\u00e5 det blev ett till och ett till och ett till&#8230;. I&#8230;<\/p>\n","protected":false},"author":2,"featured_media":0,"comment_status":"open","ping_status":"closed","sticky":false,"template":"","format":"standard","meta":[],"categories":[7],"tags":[],"_links":{"self":[{"href":"https:\/\/storytellers.se\/index.php?rest_route=\/wp\/v2\/posts\/2594"}],"collection":[{"href":"https:\/\/storytellers.se\/index.php?rest_route=\/wp\/v2\/posts"}],"about":[{"href":"https:\/\/storytellers.se\/index.php?rest_route=\/wp\/v2\/types\/post"}],"author":[{"embeddable":true,"href":"https:\/\/storytellers.se\/index.php?rest_route=\/wp\/v2\/users\/2"}],"replies":[{"embeddable":true,"href":"https:\/\/storytellers.se\/index.php?rest_route=%2Fwp%2Fv2%2Fcomments&post=2594"}],"version-history":[{"count":0,"href":"https:\/\/storytellers.se\/index.php?rest_route=\/wp\/v2\/posts\/2594\/revisions"}],"wp:attachment":[{"href":"https:\/\/storytellers.se\/index.php?rest_route=%2Fwp%2Fv2%2Fmedia&parent=2594"}],"wp:term":[{"taxonomy":"category","embeddable":true,"href":"https:\/\/storytellers.se\/index.php?rest_route=%2Fwp%2Fv2%2Fcategories&post=2594"},{"taxonomy":"post_tag","embeddable":true,"href":"https:\/\/storytellers.se\/index.php?rest_route=%2Fwp%2Fv2%2Ftags&post=2594"}],"curies":[{"name":"wp","href":"https:\/\/api.w.org\/{rel}","templated":true}]}}