{"id":2590,"date":"2010-02-10T12:26:31","date_gmt":"2010-02-10T11:26:31","guid":{"rendered":"http:\/\/heijbel.wordpress.com\/2010\/02\/10\/varfor-storytelling"},"modified":"2010-02-10T12:26:31","modified_gmt":"2010-02-10T11:26:31","slug":"varfor-storytelling","status":"publish","type":"post","link":"https:\/\/storytellers.se\/?p=2590","title":{"rendered":"Varf\u00f6r Storytelling?"},"content":{"rendered":"<p>Varf\u00f6r ska man h\u00e5lla p\u00e5 med Corporate Storytelling? \u00c4r det inte bara en fluga, ett mode som snart bl\u00e5ser f\u00f6rbi? Den typen av fr\u00e5gor f\u00e5r jag d\u00e5 och d\u00e5. Mitt svar \u00e4r d\u00e5 f\u00f6rst\u00e5s att det h\u00e4r handlar om en arbetslivs-och marknadsanpassning av m\u00e4nniskans urgamla och sj\u00e4lvklara s\u00e4tt att kommunicera. Att vara m\u00e4nniska \u00e4r att vi vill ber\u00e4tta. Annars finns vi inte. Att vara m\u00e4nniska i 10-talets organisation leder d\u00e4rf\u00f6r till att vi b\u00f6r&#8230;<\/p>\n<p><!--more--><br \/>\nreflektera \u00f6ver v\u00e5ra samtidsber\u00e4ttelser i och kring arbetet och i samband med v\u00e5ra varor och tj\u00e4nster och i relation till v\u00e5ra \u00e4gare, kunder, brukare eller klienter.<br \/>\nS\u00e5 den urgamla m\u00e4nskliga kommunikationsformen vid alla tiders l\u00e4gereldar kan f\u00f6rst\u00e5s s\u00f6kas och sk\u00f6rdas vid arbetslivets l\u00e4gereldar. I fikarum och vid kaffeapparater h\u00f6rs m\u00e4nniskans l\u00e4te och visas hennes kunskap och v\u00e4rderingar.<br \/>\nDet handlar egentligen inte ens fr\u00e4mst om retorik, m\u00e4nniskan ber\u00e4ttade ju l\u00e5ngt innan grekerna b\u00f6rjade analysera samtalet. D\u00e4remot kan retoriken f\u00f6rst\u00e5s effektivisera det kommersiella ber\u00e4ttandet. Men viktigast \u00e4r att kulturb\u00e4raren tror p\u00e5 det han eller hon s\u00e4ger.<br \/>\nVid forna tiders l\u00e4gereld fanns en liten grupp m\u00e4nniskor s\u00e5 spridningen av ber\u00e4ttelserna var inte s\u00e5 kraftfull som i dag. I dag kan ju ett enda musklick (<em>Word of Mouse<\/em>) starta en pr\u00e4riebrand p\u00e5 n\u00e4tet. S\u00e5 kanske \u00e4r det s\u00e5 att storytelling faktiskt \u00e4r ett kraftfullare kommunikationsverktyg nu \u00e4n n\u00e5gonsin tidigare.<br \/>\nDen organisation eller det f\u00f6retag som inser detta har f\u00f6rst\u00e5s mycket att reflektera \u00f6ver innan man s\u00e4tter ig\u00e5ng sin storytellingprocess. M\u00e5nga <strong>varf\u00f6r, vad och hur<\/strong>.<br \/>\nAtt det inte beh\u00f6vs en massa nya maskiner, program eller apparater g\u00f6r att Corporate Storytelling inte beh\u00f6ver vara s\u00e4rskilt dyrt j\u00e4mf\u00f6rt med andra kommunikationsinsatser. Den \u00e4r helt i samklang med sociala webben och det internetbaserade 10-talssamh\u00e4llet.<br \/>\nDessutom \u00e4r vi, som m\u00e4nniskor, redan storytellers allihopa. Vi kan d\u00e4rmed alla bli involverade utan st\u00f6rre utbildningsinsatser. Det \u00e4r klart att man kan tr\u00e4na men viktigast \u00e4r att man refelekterar \u00f6ver vilka ber\u00e4ttelser man vill sk\u00f6rda och s\u00e4tta i arbete.<br \/>\nVems ber\u00e4ttelser och varf\u00f6r?<br \/>\nDet \u00e4r det storytellers.se envist handlar om.<\/p>\n","protected":false},"excerpt":{"rendered":"<p>Varf\u00f6r ska man h\u00e5lla p\u00e5 med Corporate Storytelling? \u00c4r det inte bara en fluga, ett mode som snart bl\u00e5ser f\u00f6rbi? Den typen av fr\u00e5gor f\u00e5r jag d\u00e5 och d\u00e5. Mitt svar \u00e4r d\u00e5 f\u00f6rst\u00e5s att det h\u00e4r handlar om en arbetslivs-och marknadsanpassning av m\u00e4nniskans urgamla och sj\u00e4lvklara s\u00e4tt att kommunicera. Att vara m\u00e4nniska \u00e4r att&#8230;<\/p>\n","protected":false},"author":2,"featured_media":0,"comment_status":"open","ping_status":"closed","sticky":false,"template":"","format":"standard","meta":[],"categories":[6],"tags":[],"_links":{"self":[{"href":"https:\/\/storytellers.se\/index.php?rest_route=\/wp\/v2\/posts\/2590"}],"collection":[{"href":"https:\/\/storytellers.se\/index.php?rest_route=\/wp\/v2\/posts"}],"about":[{"href":"https:\/\/storytellers.se\/index.php?rest_route=\/wp\/v2\/types\/post"}],"author":[{"embeddable":true,"href":"https:\/\/storytellers.se\/index.php?rest_route=\/wp\/v2\/users\/2"}],"replies":[{"embeddable":true,"href":"https:\/\/storytellers.se\/index.php?rest_route=%2Fwp%2Fv2%2Fcomments&post=2590"}],"version-history":[{"count":0,"href":"https:\/\/storytellers.se\/index.php?rest_route=\/wp\/v2\/posts\/2590\/revisions"}],"wp:attachment":[{"href":"https:\/\/storytellers.se\/index.php?rest_route=%2Fwp%2Fv2%2Fmedia&parent=2590"}],"wp:term":[{"taxonomy":"category","embeddable":true,"href":"https:\/\/storytellers.se\/index.php?rest_route=%2Fwp%2Fv2%2Fcategories&post=2590"},{"taxonomy":"post_tag","embeddable":true,"href":"https:\/\/storytellers.se\/index.php?rest_route=%2Fwp%2Fv2%2Ftags&post=2590"}],"curies":[{"name":"wp","href":"https:\/\/api.w.org\/{rel}","templated":true}]}}