{"id":2570,"date":"2010-01-27T15:50:35","date_gmt":"2010-01-27T14:50:35","guid":{"rendered":"http:\/\/heijbel.wordpress.com\/2010\/01\/27\/damernas-foretagsbyra"},"modified":"2010-01-27T15:50:35","modified_gmt":"2010-01-27T14:50:35","slug":"damernas-foretagsbyra","status":"publish","type":"post","link":"https:\/\/storytellers.se\/?p=2570","title":{"rendered":"Damernas F\u00f6retagsbyr\u00e5"},"content":{"rendered":"<p>Kvinnliga sm\u00e5f\u00f6retagare brinner ofta starkt och arbetar h\u00e5rt f\u00f6r att f\u00e5 sina verksamheter att bli l\u00f6nsamma och framg\u00e5ngsrika. Jag tr\u00e4ffar m\u00e5nga s\u00e5dana kvinnor i olika n\u00e4tverk. Jag trivs v\u00e4ldigt bra med att f\u00e5 ber\u00e4tta f\u00f6r dem om storytellingens underbara v\u00e4rld. Storytelling fungerar n\u00e4mligen som emotionell kommunikation b\u00e5de i sm\u00e5 verksamheter och i internationella f\u00f6retag. Det handlar om att sk\u00f6rda folklore och exploatera ber\u00e4ttarkapitalet.<br \/>\nH\u00e4romkv\u00e4llen var jag g\u00e4st hos <strong>Damernas F\u00f6retagsbyr\u00e5<\/strong> i Upplands Bro v\u00e4ster om Stockholm. Vi diskuterade bland annat om&#8230;<\/p>\n<p><!--more--><br \/>\n&#8230;det \u00e4r s\u00e5 att kvinnor inte har lika l\u00e4tt som m\u00e4n att ber\u00e4tta om sina framg\u00e5ngar och om sina n\u00f6jda kunder. Vi trodde nog det.<br \/>\nM\u00e4nnen brukar ju kan tala om sina f\u00e5mansverksamheter i n\u00e5gon slags <em>vi-form<\/em> och som om det r\u00f6rde sig om hela koncerner. \u00c4r de ensamma i sin firma s\u00e5 har de givetvis VD p\u00e5 visitkortet. Kvinnorna, d\u00e4remot, \u00e4r oftast mer \u00f6dmjuka och vill inte \u00f6verdriva.<br \/>\nDet kan bli tokigt oavsett \u00e5t vilket h\u00e5ll man \u00f6verdriver. Men sluta vara blyga, sa jag. <em>Jante<\/em> \u00e4r inte bjuden n\u00e4r vi ger oss in i Storytelling.<br \/>\nMan kan ber\u00e4tta om nyttan med sina varor och tj\u00e4nster utan att tycka att man skryter.<br \/>\nHur som helst s\u00e5 tror jag att m\u00e5nga av de cirka 25-30 kvinnorna som kommit till det mysiga fiket <strong>Systrarna p\u00e5 Piren<\/strong> i Kungs\u00e4ngen blev sugna p\u00e5 att s\u00f6ka, finna, sk\u00f6rda och s\u00e4tta sina viktigaste ber\u00e4ttelser i arbete.<br \/>\nJag tror att alla dessa fantastiska kvinnliga entrepren\u00f6rer i Sverige betyder oerh\u00f6rt mycket f\u00f6r v\u00e5rt arbetsliv och f\u00f6r samh\u00e4llsutvecklingen.<\/p>\n","protected":false},"excerpt":{"rendered":"<p>Kvinnliga sm\u00e5f\u00f6retagare brinner ofta starkt och arbetar h\u00e5rt f\u00f6r att f\u00e5 sina verksamheter att bli l\u00f6nsamma och framg\u00e5ngsrika. Jag tr\u00e4ffar m\u00e5nga s\u00e5dana kvinnor i olika n\u00e4tverk. Jag trivs v\u00e4ldigt bra med att f\u00e5 ber\u00e4tta f\u00f6r dem om storytellingens underbara v\u00e4rld. Storytelling fungerar n\u00e4mligen som emotionell kommunikation b\u00e5de i sm\u00e5 verksamheter och i internationella f\u00f6retag. Det&#8230;<\/p>\n","protected":false},"author":2,"featured_media":0,"comment_status":"open","ping_status":"closed","sticky":false,"template":"","format":"standard","meta":[],"categories":[9],"tags":[],"_links":{"self":[{"href":"https:\/\/storytellers.se\/index.php?rest_route=\/wp\/v2\/posts\/2570"}],"collection":[{"href":"https:\/\/storytellers.se\/index.php?rest_route=\/wp\/v2\/posts"}],"about":[{"href":"https:\/\/storytellers.se\/index.php?rest_route=\/wp\/v2\/types\/post"}],"author":[{"embeddable":true,"href":"https:\/\/storytellers.se\/index.php?rest_route=\/wp\/v2\/users\/2"}],"replies":[{"embeddable":true,"href":"https:\/\/storytellers.se\/index.php?rest_route=%2Fwp%2Fv2%2Fcomments&post=2570"}],"version-history":[{"count":0,"href":"https:\/\/storytellers.se\/index.php?rest_route=\/wp\/v2\/posts\/2570\/revisions"}],"wp:attachment":[{"href":"https:\/\/storytellers.se\/index.php?rest_route=%2Fwp%2Fv2%2Fmedia&parent=2570"}],"wp:term":[{"taxonomy":"category","embeddable":true,"href":"https:\/\/storytellers.se\/index.php?rest_route=%2Fwp%2Fv2%2Fcategories&post=2570"},{"taxonomy":"post_tag","embeddable":true,"href":"https:\/\/storytellers.se\/index.php?rest_route=%2Fwp%2Fv2%2Ftags&post=2570"}],"curies":[{"name":"wp","href":"https:\/\/api.w.org\/{rel}","templated":true}]}}