{"id":2568,"date":"2010-01-26T16:46:52","date_gmt":"2010-01-26T15:46:52","guid":{"rendered":"http:\/\/heijbel.wordpress.com\/2010\/01\/26\/forsvarets-nya-berattelser"},"modified":"2010-01-26T16:46:52","modified_gmt":"2010-01-26T15:46:52","slug":"forsvarets-nya-berattelser","status":"publish","type":"post","link":"https:\/\/storytellers.se\/?p=2568","title":{"rendered":"F\u00f6rsvarets nya ber\u00e4ttelser"},"content":{"rendered":"<p>I dag var jag hos <strong>F\u00f6rsvarsmaktens ledarskaps- och pedagogikenhet<\/strong>. De arbetar med l\u00e4rande och ledarskap.<br \/>\nV\u00e5ra diskussioner g\u00e4llde framtiden. F\u00f6rsvarsmakten g\u00e5r nu fr\u00e5n v\u00e4rnplikt till yrkesarm\u00e9, fr\u00e5n invasionsf\u00f6rsvar till att bygga styrkor f\u00f6r internationella insatser. H\u00e4r beh\u00f6vs nya ber\u00e4ttelser.<br \/>\nH\u00e4mta tidiga ber\u00e4ttelser fr\u00e5n verkliga h\u00e4ndelser som ni tror kommer att ske flera g\u00e5nger, var mitt huvudbudskap. D\u00e5 kan ni redan nu, med ber\u00e4ttelser, bygga konturerna av framtiden.<br \/>\nJag \u00e4r \u00f6vertygad om att Storytelling i och om organisationer, som det hanteras h\u00e4r p\u00e5 storytellers.se, skulle kunna vara en framg\u00e5ngsfaktor f\u00f6r F\u00f6rsvarsmakten.<\/p>\n","protected":false},"excerpt":{"rendered":"<p>I dag var jag hos F\u00f6rsvarsmaktens ledarskaps- och pedagogikenhet. De arbetar med l\u00e4rande och ledarskap. V\u00e5ra diskussioner g\u00e4llde framtiden. F\u00f6rsvarsmakten g\u00e5r nu fr\u00e5n v\u00e4rnplikt till yrkesarm\u00e9, fr\u00e5n invasionsf\u00f6rsvar till att bygga styrkor f\u00f6r internationella insatser. H\u00e4r beh\u00f6vs nya ber\u00e4ttelser. H\u00e4mta tidiga ber\u00e4ttelser fr\u00e5n verkliga h\u00e4ndelser som ni tror kommer att ske flera g\u00e5nger, var mitt&#8230;<\/p>\n","protected":false},"author":2,"featured_media":0,"comment_status":"open","ping_status":"closed","sticky":false,"template":"","format":"standard","meta":[],"categories":[2],"tags":[],"_links":{"self":[{"href":"https:\/\/storytellers.se\/index.php?rest_route=\/wp\/v2\/posts\/2568"}],"collection":[{"href":"https:\/\/storytellers.se\/index.php?rest_route=\/wp\/v2\/posts"}],"about":[{"href":"https:\/\/storytellers.se\/index.php?rest_route=\/wp\/v2\/types\/post"}],"author":[{"embeddable":true,"href":"https:\/\/storytellers.se\/index.php?rest_route=\/wp\/v2\/users\/2"}],"replies":[{"embeddable":true,"href":"https:\/\/storytellers.se\/index.php?rest_route=%2Fwp%2Fv2%2Fcomments&post=2568"}],"version-history":[{"count":0,"href":"https:\/\/storytellers.se\/index.php?rest_route=\/wp\/v2\/posts\/2568\/revisions"}],"wp:attachment":[{"href":"https:\/\/storytellers.se\/index.php?rest_route=%2Fwp%2Fv2%2Fmedia&parent=2568"}],"wp:term":[{"taxonomy":"category","embeddable":true,"href":"https:\/\/storytellers.se\/index.php?rest_route=%2Fwp%2Fv2%2Fcategories&post=2568"},{"taxonomy":"post_tag","embeddable":true,"href":"https:\/\/storytellers.se\/index.php?rest_route=%2Fwp%2Fv2%2Ftags&post=2568"}],"curies":[{"name":"wp","href":"https:\/\/api.w.org\/{rel}","templated":true}]}}