{"id":2558,"date":"2010-01-21T10:57:42","date_gmt":"2010-01-21T09:57:42","guid":{"rendered":"http:\/\/heijbel.wordpress.com\/2010\/01\/21\/sd-anvander-sociala-medier"},"modified":"2010-01-21T10:57:42","modified_gmt":"2010-01-21T09:57:42","slug":"sd-anvander-sociala-medier","status":"publish","type":"post","link":"https:\/\/storytellers.se\/?p=2558","title":{"rendered":"Sd anv\u00e4nder sociala medier"},"content":{"rendered":"<p>Det talas mycket om politiken i sociala medier. <strong>Mona Sahlin<\/strong> har tydligen sagt att hon inte kan formulera sig p\u00e5 140 tecken (twitter). <strong>Anders Borg<\/strong> l\u00e4r ocks\u00e5 vara fr\u00e4mmande f\u00f6r de nya arenorna och torgen p\u00e5 Internet. Han hade kunnat sprida ber\u00e4ttelser som den h\u00e4romdagen att Obamas stab i Vita Huset ringde och tackade honom f\u00f6r id\u00e9erna med avgifter p\u00e5 bankernas skulder. En typisk <em>magic moment<\/em> som stolt kunnat storyfieras exempelvis p\u00e5 den sociala webben och d\u00e4rmed g\u00f6ra ett jobb f\u00f6r moderaterna.<br \/>\nSverigedemokraterna framst\u00e5r nu ist\u00e4llet som det mest aktiva partiet i sociala media val\u00e5ret 2010, enligt <em>Pronto Communications<\/em> <strong>VD Gabriel Sundqvist<\/strong>.<br \/>\nSom Corporate Storyteller inser jag f\u00f6r min del f\u00f6rst\u00e5s att de sociala medierna blir oerh\u00f6rt viktiga i \u00e5r med en halv miljon f\u00f6rstag\u00e5ngsv\u00e4ljare. Men det \u00e4r&#8230;<\/p>\n<p><!--more--><br \/>\n<strong><strong>alltid inneh\u00e5llet som r\u00e4knas<\/strong>. Gl\u00f6m inte det. B\u00e4sta storyn vinner <em>oavsett var n\u00e5gonstans<\/em> partierna kommunicerar.<br \/>\nFr\u00e5gan blir allts\u00e5 vad de s\u00e4ger och hur de dramaturgiskt f\u00f6rpackar sina budskap.<br \/>\nS\u00e5dant kan en storymedveten organisation f\u00f6rbereda. Skaffa en sann repertoar sk\u00f6rdad fr\u00e5n verkligheten och anv\u00e4nd den envist i olika medier och kanaler.<br \/>\n<strong>Gabriel Sundqvist<\/strong> skriver s\u00e5 h\u00e4r i Dagens Media:<br \/>\n&#8221;<em>Riksdagspartierna m\u00e5ste f\u00f6rb\u00e4ttra sig f\u00f6r att kunna anv\u00e4nda den potential som finns  och f\u00f6r att inte l\u00e4mna walk-over till fr\u00e4mlingsfientliga krafter, vars enda m\u00f6jlighet till positiv publicitet \u00e4r genom internet och egna kanaler.<br \/>\nSverigedemokraterna som n\u00e4stan bojkottat Twitter, \u00e4r desto starkare p\u00e5 Facebook och Youtube. F\u00e5 h\u00e4nger med i deras tempo. (&#8230;) Deras strategi \u00e4r att omedelbart kommentera och n\u00e4rvara p\u00e5 de stora tidningarnas kommentarsf\u00e4lt, i debattforum och p\u00e5 bloggar.<br \/>\nP\u00e5 Youtube \u00e4r de m\u00e4rkbart aktiva. De har till exempel tre g\u00e5nger s\u00e5 m\u00e5nga kanalvisningar som det regeringsb\u00e4rande partiet har.<\/em>&#8221;<br \/>\nL\u00e4s Dagens Mediaartikeln i sin helhet och med dess kommentarer <a href=\"http:\/\/www.dagensmedia.se\/asikter\/debatt\/article116672.ece\"><strong><em>h\u00e4r<\/em><\/strong><\/a>.<\/p>\n","protected":false},"excerpt":{"rendered":"<p>Det talas mycket om politiken i sociala medier. Mona Sahlin har tydligen sagt att hon inte kan formulera sig p\u00e5 140 tecken (twitter). Anders Borg l\u00e4r ocks\u00e5 vara fr\u00e4mmande f\u00f6r de nya arenorna och torgen p\u00e5 Internet. Han hade kunnat sprida ber\u00e4ttelser som den h\u00e4romdagen att Obamas stab i Vita Huset ringde och tackade honom&#8230;<\/p>\n","protected":false},"author":2,"featured_media":0,"comment_status":"open","ping_status":"closed","sticky":false,"template":"","format":"standard","meta":[],"categories":[2],"tags":[],"_links":{"self":[{"href":"https:\/\/storytellers.se\/index.php?rest_route=\/wp\/v2\/posts\/2558"}],"collection":[{"href":"https:\/\/storytellers.se\/index.php?rest_route=\/wp\/v2\/posts"}],"about":[{"href":"https:\/\/storytellers.se\/index.php?rest_route=\/wp\/v2\/types\/post"}],"author":[{"embeddable":true,"href":"https:\/\/storytellers.se\/index.php?rest_route=\/wp\/v2\/users\/2"}],"replies":[{"embeddable":true,"href":"https:\/\/storytellers.se\/index.php?rest_route=%2Fwp%2Fv2%2Fcomments&post=2558"}],"version-history":[{"count":0,"href":"https:\/\/storytellers.se\/index.php?rest_route=\/wp\/v2\/posts\/2558\/revisions"}],"wp:attachment":[{"href":"https:\/\/storytellers.se\/index.php?rest_route=%2Fwp%2Fv2%2Fmedia&parent=2558"}],"wp:term":[{"taxonomy":"category","embeddable":true,"href":"https:\/\/storytellers.se\/index.php?rest_route=%2Fwp%2Fv2%2Fcategories&post=2558"},{"taxonomy":"post_tag","embeddable":true,"href":"https:\/\/storytellers.se\/index.php?rest_route=%2Fwp%2Fv2%2Ftags&post=2558"}],"curies":[{"name":"wp","href":"https:\/\/api.w.org\/{rel}","templated":true}]}}