{"id":2546,"date":"2010-01-17T10:11:32","date_gmt":"2010-01-17T09:11:32","guid":{"rendered":"http:\/\/heijbel.wordpress.com\/2010\/01\/17\/inspirationsforelasning"},"modified":"2010-01-17T10:11:32","modified_gmt":"2010-01-17T09:11:32","slug":"inspirationsforelasning","status":"publish","type":"post","link":"https:\/\/storytellers.se\/?p=2546","title":{"rendered":"Inspirationsf\u00f6rel\u00e4sning"},"content":{"rendered":"<p>Den 11 februari mellan 08.30-10.30 har jag n\u00e4sta inspirationsf\u00f6rel\u00e4sning vid Mariatorget i Stockholm. Jag f\u00f6rel\u00e4ser och gruppen diskuterar storytelling i och om organisationer. Jag fakturerar 500 sek plus moms och dukar bordet med kaffe, te och br\u00f6d. Senast kom L\u00e4kare utan gr\u00e4nser, L\u00e4nsf\u00f6rs\u00e4kringar, Modebutiker, Kommunikationskonsulter, fackliga organisationer m fl.<br \/>\nDet finns nu ocks\u00e5 \u00f6nskem\u00e5l om en storytellingutbildning till vintern\/v\u00e5ren med exempelvis 3&#215;3 tim med skrivuppgifter och dramaturgidiskussion inlagd.<em><br \/>\n\u00c4r du intresserad antingen av den 11 februari och\/eller en 9 timmarskurs (3&#215;3 tim)<\/em> vid ett senare tillf\u00e4lle s\u00e5 maila <a href=\"mailto:matts@storytellers.se\">matts@storytellers.se<\/a>. Vad g\u00e4ller den l\u00e4ngre kursen s\u00e5 h\u00e5ller jag \u00e4n s\u00e5 l\u00e4nge bara p\u00e5 att kolla intresset. Jag har redan en lista av intresserade s\u00e5 det blir s\u00e4kerligen en s\u00e5dan 3&#215;3 tim l\u00e4ngre fram.<br \/>\nV\u00e4lkommen att anm\u00e4la dig till frukostseminarium. <em>PS. Jag kommer att ha ett seminarium den 10 mars ocks\u00e5. DS<\/em><\/p>\n","protected":false},"excerpt":{"rendered":"<p>Den 11 februari mellan 08.30-10.30 har jag n\u00e4sta inspirationsf\u00f6rel\u00e4sning vid Mariatorget i Stockholm. Jag f\u00f6rel\u00e4ser och gruppen diskuterar storytelling i och om organisationer. Jag fakturerar 500 sek plus moms och dukar bordet med kaffe, te och br\u00f6d. Senast kom L\u00e4kare utan gr\u00e4nser, L\u00e4nsf\u00f6rs\u00e4kringar, Modebutiker, Kommunikationskonsulter, fackliga organisationer m fl. Det finns nu ocks\u00e5 \u00f6nskem\u00e5l om&#8230;<\/p>\n","protected":false},"author":2,"featured_media":0,"comment_status":"open","ping_status":"closed","sticky":false,"template":"","format":"standard","meta":[],"categories":[9],"tags":[],"_links":{"self":[{"href":"https:\/\/storytellers.se\/index.php?rest_route=\/wp\/v2\/posts\/2546"}],"collection":[{"href":"https:\/\/storytellers.se\/index.php?rest_route=\/wp\/v2\/posts"}],"about":[{"href":"https:\/\/storytellers.se\/index.php?rest_route=\/wp\/v2\/types\/post"}],"author":[{"embeddable":true,"href":"https:\/\/storytellers.se\/index.php?rest_route=\/wp\/v2\/users\/2"}],"replies":[{"embeddable":true,"href":"https:\/\/storytellers.se\/index.php?rest_route=%2Fwp%2Fv2%2Fcomments&post=2546"}],"version-history":[{"count":0,"href":"https:\/\/storytellers.se\/index.php?rest_route=\/wp\/v2\/posts\/2546\/revisions"}],"wp:attachment":[{"href":"https:\/\/storytellers.se\/index.php?rest_route=%2Fwp%2Fv2%2Fmedia&parent=2546"}],"wp:term":[{"taxonomy":"category","embeddable":true,"href":"https:\/\/storytellers.se\/index.php?rest_route=%2Fwp%2Fv2%2Fcategories&post=2546"},{"taxonomy":"post_tag","embeddable":true,"href":"https:\/\/storytellers.se\/index.php?rest_route=%2Fwp%2Fv2%2Ftags&post=2546"}],"curies":[{"name":"wp","href":"https:\/\/api.w.org\/{rel}","templated":true}]}}