{"id":2544,"date":"2010-01-14T13:05:57","date_gmt":"2010-01-14T12:05:57","guid":{"rendered":"http:\/\/heijbel.wordpress.com\/2010\/01\/14\/lyssna-in-foretagsfolkloren"},"modified":"2010-01-14T13:05:57","modified_gmt":"2010-01-14T12:05:57","slug":"lyssna-in-foretagsfolkloren","status":"publish","type":"post","link":"https:\/\/storytellers.se\/?p=2544","title":{"rendered":"Lyssna in f\u00f6retagsfolkloren"},"content":{"rendered":"<p>Jag ser ett f\u00f6retag eller en organisation som <em>ett folk i sig<\/em> med en alldeles <em>egen kultur<\/em> som \u00e4r n\u00f6dv\u00e4ndig f\u00f6r att man ska \u00e5stadkomma det man t\u00e4nkt och d\u00e4rmed <em>\u00f6verleva<\/em> och n\u00e5 framg\u00e5ng med tankar och id\u00e9er som b\u00e4r in i framtiden. All denna kultur b\u00e4rs av ber\u00e4ttelserna i f\u00f6retags- eller organisationsfolkloren, s\u00e5 kallade <em><strong>business narratives<\/strong><\/em>. Detta ber\u00e4ttarkapital kan man lyssna in, sk\u00f6rda och s\u00e4tta i arbete.<br \/>\nJag har utvecklat metoder och strategiskt t\u00e4nkande kring allt detta.<\/p>\n","protected":false},"excerpt":{"rendered":"<p>Jag ser ett f\u00f6retag eller en organisation som ett folk i sig med en alldeles egen kultur som \u00e4r n\u00f6dv\u00e4ndig f\u00f6r att man ska \u00e5stadkomma det man t\u00e4nkt och d\u00e4rmed \u00f6verleva och n\u00e5 framg\u00e5ng med tankar och id\u00e9er som b\u00e4r in i framtiden. All denna kultur b\u00e4rs av ber\u00e4ttelserna i f\u00f6retags- eller organisationsfolkloren, s\u00e5 kallade&#8230;<\/p>\n","protected":false},"author":2,"featured_media":0,"comment_status":"open","ping_status":"closed","sticky":false,"template":"","format":"standard","meta":[],"categories":[2],"tags":[],"_links":{"self":[{"href":"https:\/\/storytellers.se\/index.php?rest_route=\/wp\/v2\/posts\/2544"}],"collection":[{"href":"https:\/\/storytellers.se\/index.php?rest_route=\/wp\/v2\/posts"}],"about":[{"href":"https:\/\/storytellers.se\/index.php?rest_route=\/wp\/v2\/types\/post"}],"author":[{"embeddable":true,"href":"https:\/\/storytellers.se\/index.php?rest_route=\/wp\/v2\/users\/2"}],"replies":[{"embeddable":true,"href":"https:\/\/storytellers.se\/index.php?rest_route=%2Fwp%2Fv2%2Fcomments&post=2544"}],"version-history":[{"count":0,"href":"https:\/\/storytellers.se\/index.php?rest_route=\/wp\/v2\/posts\/2544\/revisions"}],"wp:attachment":[{"href":"https:\/\/storytellers.se\/index.php?rest_route=%2Fwp%2Fv2%2Fmedia&parent=2544"}],"wp:term":[{"taxonomy":"category","embeddable":true,"href":"https:\/\/storytellers.se\/index.php?rest_route=%2Fwp%2Fv2%2Fcategories&post=2544"},{"taxonomy":"post_tag","embeddable":true,"href":"https:\/\/storytellers.se\/index.php?rest_route=%2Fwp%2Fv2%2Ftags&post=2544"}],"curies":[{"name":"wp","href":"https:\/\/api.w.org\/{rel}","templated":true}]}}