{"id":2542,"date":"2010-01-13T09:35:29","date_gmt":"2010-01-13T08:35:29","guid":{"rendered":"http:\/\/heijbel.wordpress.com\/2010\/01\/13\/inspirationsseminarium-11-februari"},"modified":"2010-01-13T09:35:29","modified_gmt":"2010-01-13T08:35:29","slug":"inspirationsseminarium-11-februari","status":"publish","type":"post","link":"https:\/\/storytellers.se\/?p=2542","title":{"rendered":"Inspirationsseminarium 11 februari"},"content":{"rendered":"<p>Den 11 februari mellan 08.30-10.30 h\u00e5ller jag \u00e4nnu ett av mina 2-timmars inspirationsseminarier vid Mariatorget i Stockholm p\u00e5 grund av en str\u00f6m av f\u00f6rfr\u00e5gningar.<br \/>\nJag fakturerar som vanligt 500 sek plus moms och dukar bordet med kaffe, te och br\u00f6d. Sen f\u00f6rel\u00e4ser jag och diskuterar storytelling i och om organisationer med deltagarna.<br \/>\nDet finns ocks\u00e5 \u00f6nskem\u00e5l om en storytellingutbildning fram\u00e5t v\u00e5ren med exempelvis 3&#215;3 tim med skrivuppgifter och dramaturgidiskussion.<em><br \/>\n\u00c4r du intresserad antingen av den 11 februari och\/eller en 9 timmarskurs (3&#215;3 tim)<\/em> vid ett senare tillf\u00e4lle s\u00e5 maila <a href=\"mailto:matts@storytellers.se\">matts@storytellers.se<\/a>. Vad g\u00e4ller den l\u00e4ngre kursen s\u00e5 h\u00e5ller jag \u00e4n s\u00e5 l\u00e4nge p\u00e5 att kolla intresset. Jag har redan en lista av intresserade s\u00e5 det blir s\u00e4kerligen en s\u00e5dan 3&#215;3 tim l\u00e4ngre fram.<br \/>\nV\u00e4lkommen att anm\u00e4la dig till frukostseminarium den 11 februari.<\/p>\n","protected":false},"excerpt":{"rendered":"<p>Den 11 februari mellan 08.30-10.30 h\u00e5ller jag \u00e4nnu ett av mina 2-timmars inspirationsseminarier vid Mariatorget i Stockholm p\u00e5 grund av en str\u00f6m av f\u00f6rfr\u00e5gningar. Jag fakturerar som vanligt 500 sek plus moms och dukar bordet med kaffe, te och br\u00f6d. Sen f\u00f6rel\u00e4ser jag och diskuterar storytelling i och om organisationer med deltagarna. Det finns ocks\u00e5&#8230;<\/p>\n","protected":false},"author":2,"featured_media":0,"comment_status":"open","ping_status":"closed","sticky":false,"template":"","format":"standard","meta":[],"categories":[9],"tags":[],"_links":{"self":[{"href":"https:\/\/storytellers.se\/index.php?rest_route=\/wp\/v2\/posts\/2542"}],"collection":[{"href":"https:\/\/storytellers.se\/index.php?rest_route=\/wp\/v2\/posts"}],"about":[{"href":"https:\/\/storytellers.se\/index.php?rest_route=\/wp\/v2\/types\/post"}],"author":[{"embeddable":true,"href":"https:\/\/storytellers.se\/index.php?rest_route=\/wp\/v2\/users\/2"}],"replies":[{"embeddable":true,"href":"https:\/\/storytellers.se\/index.php?rest_route=%2Fwp%2Fv2%2Fcomments&post=2542"}],"version-history":[{"count":0,"href":"https:\/\/storytellers.se\/index.php?rest_route=\/wp\/v2\/posts\/2542\/revisions"}],"wp:attachment":[{"href":"https:\/\/storytellers.se\/index.php?rest_route=%2Fwp%2Fv2%2Fmedia&parent=2542"}],"wp:term":[{"taxonomy":"category","embeddable":true,"href":"https:\/\/storytellers.se\/index.php?rest_route=%2Fwp%2Fv2%2Fcategories&post=2542"},{"taxonomy":"post_tag","embeddable":true,"href":"https:\/\/storytellers.se\/index.php?rest_route=%2Fwp%2Fv2%2Ftags&post=2542"}],"curies":[{"name":"wp","href":"https:\/\/api.w.org\/{rel}","templated":true}]}}