{"id":2538,"date":"2010-01-09T19:02:31","date_gmt":"2010-01-09T18:02:31","guid":{"rendered":"http:\/\/heijbel.wordpress.com\/2010\/01\/09\/storytelling-i-politiken"},"modified":"2010-01-09T19:02:31","modified_gmt":"2010-01-09T18:02:31","slug":"storytelling-i-politiken","status":"publish","type":"post","link":"https:\/\/storytellers.se\/?p=2538","title":{"rendered":"Storytelling i politiken"},"content":{"rendered":"<p>Nu \u00e4r politiken insl\u00e4ppt i TV-reklamen och vi kommer att f\u00e5 se en massa politikreklam i de kommersiella kanalerna. Framf\u00f6r allt i TV4. Det \u00e4r ocks\u00e5 mycket tal om de sociala medierna med bloggar, twitter, facebook och annat. M\u00e5nga tror att <strong>Obamas<\/strong> bloggande och sms:ande kan \u00f6verf\u00f6ras till Sverige, det kan det kanske ocks\u00e5 p\u00e5 s\u00e4tt och vis. Men..<\/p>\n<p><!--more--><br \/>\n&#8230;sj\u00e4lva kanalerna eller distributionsv\u00e4garna \u00e4r \u00e4nd\u00e5 fel fokus. Inneh\u00e5llet \u00e4r alltid det som r\u00e4knas. Inte var vi s\u00e4ger det eller hur. Utan <em>vad<\/em> vi ber\u00e4ttar.<br \/>\nD\u00e4r kommer storytellingperspektiven in. Ska du kommunicera i sociala media eller n\u00e5gon annanstans, f\u00f6r den delen, s\u00e5 fundera noga p\u00e5 vad du ska s\u00e4ga som organisation. Vem vill du ber\u00f6ra och hur?<br \/>\nEn enkel sann ber\u00e4ttelse om en verklig m\u00e4nniska kan faktiskt g\u00f6ra underverk f\u00f6r en id\u00e9organisation.<br \/>\nVem har f\u00f6rresten inte h\u00f6rt om <strong>Astrid Lindgrens<\/strong> <a href=\"http:\/\/www.storytellers.se\/txt\/2006\/05\/pomperipossa_to.html\"><strong><em>Pomperipossasaga<\/em><\/strong><\/a> som gjorde att socialdemokratin f\u00f6rlorade valet 1977? N\u00e4r jag f\u00f6rel\u00e4ste med Expressens f d chefredakt\u00f6r <strong>Bo Str\u00f6mstedt<\/strong> f\u00f6r n\u00e5gra \u00e5r sedan sa han att han var \u00f6vertygad om att Pomperipossa v\u00e4lte regeringen den g\u00e5ngen. Det var p\u00e5 gammelmediernas tid. I dag skulle en enda mus-klicks-tr\u00e5d (word of mouse) p\u00e5 n\u00e4tet kunna \u00e5stadkomma samma sak.<br \/>\nSociala medier \u00e4r verktyg och kanaler. Men kanaler vinner man inga val p\u00e5. <em>Kontent is king<\/em>, var det n\u00e5gon som sa. Eller som <strong>Cory Doctorow<\/strong> sa <em> Conversation is king. Content is just something to talk about<\/em>.<br \/>\nEnligt den twittrande och bloggande riksdagsledamoten, centerpartisten <strong>Annie Johansson<\/strong>, \u00e4r Milj\u00f6partiet, Centerpartiet och Socialdemokraterna f\u00f6r n\u00e4rvarande b\u00e4st p\u00e5 sociala medier.<br \/>\n\u00c5terst\u00e5r nu att se vad de och andra kommunicerar under v\u00e5ren.<br \/>\nDen sociala webben med bloggar och Youtube med mera kan s\u00e4kert f\u00e5 oanade politiska effekter, fr\u00e4mst via s\u00e5 kallade vanliga m\u00e4nniskor. Sociala webben \u00e4r ju fylld med tickande \u00e5siktsbomber och hundratusentals privatreportrar.<br \/>\nDe politiska partierna ska f\u00f6rst\u00e5s <strong><em>sluta minareta sig och i st\u00e4llet lyssna<\/em><\/strong> fr\u00e4mst p\u00e5 den halva miljon f\u00f6rstag\u00e5ngsv\u00e4ljare som har hela sin samh\u00e4llskommunikation via webben. Lyssna och svara utan att smyga omkring med anonymitetens l\u00f6sn\u00e4sa.<br \/>\nI slut\u00e4ndan handlar det allts\u00e5 \u00e4nd\u00e5 om <em>vad<\/em> du s\u00e4ger. Inte <em>var<\/em>. H\u00e4r \u00e4r storytellingaspekten. Partierna ska skaffa en repertoar fr\u00e5n verkligheten och k\u00f6ra ber\u00e4ttelserna i alla kanaler. Och ska f\u00f6rst\u00e5s ocks\u00e5 lyssna av den sociala webben innan de deltar \u00f6ppet och \u00e4rligt med socialwebbanpassade ber\u00e4ttelser som speglar partiets \u00e5sikt.<br \/>\nGammelmedia, reklam\/pr och den sociala webben. D\u00e4r har vi treenigheten i media val\u00e5ret 2010. D\u00e4r kan stories sk\u00f6rdas och planteras.<br \/>\nD\u00e5 kan vi b\u00f6rja tala om storytelling i politiken.<\/p>\n","protected":false},"excerpt":{"rendered":"<p>Nu \u00e4r politiken insl\u00e4ppt i TV-reklamen och vi kommer att f\u00e5 se en massa politikreklam i de kommersiella kanalerna. Framf\u00f6r allt i TV4. Det \u00e4r ocks\u00e5 mycket tal om de sociala medierna med bloggar, twitter, facebook och annat. M\u00e5nga tror att Obamas bloggande och sms:ande kan \u00f6verf\u00f6ras till Sverige, det kan det kanske ocks\u00e5 p\u00e5&#8230;<\/p>\n","protected":false},"author":2,"featured_media":0,"comment_status":"open","ping_status":"closed","sticky":false,"template":"","format":"standard","meta":[],"categories":[2],"tags":[],"_links":{"self":[{"href":"https:\/\/storytellers.se\/index.php?rest_route=\/wp\/v2\/posts\/2538"}],"collection":[{"href":"https:\/\/storytellers.se\/index.php?rest_route=\/wp\/v2\/posts"}],"about":[{"href":"https:\/\/storytellers.se\/index.php?rest_route=\/wp\/v2\/types\/post"}],"author":[{"embeddable":true,"href":"https:\/\/storytellers.se\/index.php?rest_route=\/wp\/v2\/users\/2"}],"replies":[{"embeddable":true,"href":"https:\/\/storytellers.se\/index.php?rest_route=%2Fwp%2Fv2%2Fcomments&post=2538"}],"version-history":[{"count":0,"href":"https:\/\/storytellers.se\/index.php?rest_route=\/wp\/v2\/posts\/2538\/revisions"}],"wp:attachment":[{"href":"https:\/\/storytellers.se\/index.php?rest_route=%2Fwp%2Fv2%2Fmedia&parent=2538"}],"wp:term":[{"taxonomy":"category","embeddable":true,"href":"https:\/\/storytellers.se\/index.php?rest_route=%2Fwp%2Fv2%2Fcategories&post=2538"},{"taxonomy":"post_tag","embeddable":true,"href":"https:\/\/storytellers.se\/index.php?rest_route=%2Fwp%2Fv2%2Ftags&post=2538"}],"curies":[{"name":"wp","href":"https:\/\/api.w.org\/{rel}","templated":true}]}}